{"id":26688,"date":"2021-05-01T17:50:09","date_gmt":"2021-05-01T22:50:09","guid":{"rendered":"http:\/\/www.zonaroja.com.mx\/?p=26688"},"modified":"2021-05-01T17:50:17","modified_gmt":"2021-05-01T22:50:17","slug":"tribunal-de-oaxaca-da-espalda-a-mujeres-desecha-juicios-de-violencia-politica","status":"publish","type":"post","link":"https:\/\/zonaroja.com.mx\/?p=26688","title":{"rendered":"Tribunal de Oaxaca da espalda a mujeres; desecha juicios de violencia pol\u00edtica"},"content":{"rendered":"\n<p>Evlin Arag\u00f3n\/Zona Roja.<\/p>\n\n\n\n<p>Oaxaca de Ju\u00e1rez, Oax., 1 de mayo de 2021.- El pleno del Tribunal Electoral del Estado de Oaxaca (TEEO), desech\u00f3 las demandas que dieron origen a los juicios JDC\/1142021 y JDC1182021 promovidos por Karina L\u00f3pez Regalado y Nayeli Romo Ram\u00edrez, quienes denunciaron actos que podr\u00edan configurar violencia pol\u00edtica en raz\u00f3n de g\u00e9nero, debido a que el partido Morena se neg\u00f3 a aceptar su registro como candidatas en el proceso electoral en curso.<\/p>\n\n\n\n<p>De acuerdo con la resoluci\u00f3n emitida por el organismo, ambos juicios presentaban una causal de improcedencia, por lo que, la magistrada presidenta y los magistrados estaban imposibilitados para efectuar un an\u00e1lisis de fondo.<\/p>\n\n\n\n<p>En el caso particular de Nayeli Romo Ram\u00edrez, ciudadana habitante de Santa Mar\u00eda Huatulco, \u00e9sta reclam\u00f3 la designaci\u00f3n de Jos\u00e9 Hern\u00e1ndez C\u00e1rdenas como candidato a la presidencia municipal, a quien se\u00f1al\u00f3, al igual que al partido de cometer posibles actos de violencia pol\u00edtica.<\/p>\n\n\n\n<p>Sin embargo, el TEEO determin\u00f3 que es la Comisi\u00f3n de Honor y Justicia de Morena la encargada de analizar y resolver la queja presentada al respecto, por la aspirante a candidata.<\/p>\n\n\n\n<p>CASO ZONIA L\u00d3PEZ<\/p>\n\n\n\n<p>En la misma sesi\u00f3n del viernes 30 de abril, el pleno orden\u00f3 a la Comisi\u00f3n de Honor y Justicia de Morena informar en un plazo de 24 horas los motivos y argumentos en que se bas\u00f3 para no aprobar la solicitud de registro de Remedios Zonia L\u00f3pez Cruz, como pre candidata a la presidencia municipal de Oaxaca de Ju\u00e1rez.<\/p>\n\n\n\n<p>Lo anterior con base a los juicios JDC\/1002021 y JDC\/1192021 promovidos por la actora, quien argument\u00f3 que el partido fue omiso de informarle las razones por las que no fue aprobada su solicitud.<\/p>\n\n\n\n<p>En este caso, el TEEO dej\u00f3 a salvo los derechos de L\u00f3pez Cruz para que una vez que conozca los resultados de selecci\u00f3n interna de Morena, interponga otros recursos que as\u00ed considere y convenga.<\/p>\n\n\n\n<p>Finalmente, el pleno declar\u00f3 la inexistencia de violencia pol\u00edtica en raz\u00f3n de g\u00e9nero, por parte del edil de Santa Luc\u00eda del Camino, Dante Monta\u00f1o Montero, denunciada por la regidora con licencia, Nallely Ortiz Jimenez.<\/p>\n\n\n\n<p>Como parte de la resoluci\u00f3n se determin\u00f3 que el video presentado por la actora no advierte que se le haya impedido su derecho a participar en las sesiones de Cabildo o que se le haya discriminado o invisibilizado, prueba de ello es que su voto fue debidamente registrado y asentado.<\/p>\n\n\n\n<p>\u201cSi bien es cierto, del video relativo a las sesiones de Cabildo aducido por la actora y la autoridad responsable, tambi\u00e9n cierto es que, ello se suscit\u00f3 con motivo de no estar de acuerdo con la forma en que se iban a resolver ciertas cuestiones internas del municipio, pero en ning\u00fan momento se advierte que le fuera impedido su derecho a participar\u201d, refiere la resoluci\u00f3n.<\/p>\n","protected":false},"excerpt":{"rendered":"<p>Evlin Arag\u00f3n\/Zona Roja. Oaxaca de Ju\u00e1rez, Oax., 1 de mayo de 2021.- El pleno del&hellip;<\/p>\n","protected":false},"author":2,"featured_media":20599,"comment_status":"closed","ping_status":"open","sticky":false,"template":"","format":"standard","meta":{"_lmt_disableupdate":"","_lmt_disable":"","_jetpack_memberships_contains_paid_content":false,"footnotes":""},"categories":[109,47],"tags":[2235],"class_list":["post-26688","post","type-post","status-publish","format-standard","has-post-thumbnail","hentry","category-minuto-a-minuto","category-zona-gris","tag-tribunal-electoral-del-estado-de-oaxaca-teeo"],"jetpack_featured_media_url":"https:\/\/zonaroja.com.mx\/wp-content\/uploads\/2020\/11\/Tribunal-Electoral-del-Estado-de-Oaxaca.jpg","jetpack_sharing_enabled":true,"_links":{"self":[{"href":"https:\/\/zonaroja.com.mx\/index.php?rest_route=\/wp\/v2\/posts\/26688","targetHints":{"allow":["GET"]}}],"collection":[{"href":"https:\/\/zonaroja.com.mx\/index.php?rest_route=\/wp\/v2\/posts"}],"about":[{"href":"https:\/\/zonaroja.com.mx\/index.php?rest_route=\/wp\/v2\/types\/post"}],"author":[{"embeddable":true,"href":"https:\/\/zonaroja.com.mx\/index.php?rest_route=\/wp\/v2\/users\/2"}],"replies":[{"embeddable":true,"href":"https:\/\/zonaroja.com.mx\/index.php?rest_route=%2Fwp%2Fv2%2Fcomments&post=26688"}],"version-history":[{"count":1,"href":"https:\/\/zonaroja.com.mx\/index.php?rest_route=\/wp\/v2\/posts\/26688\/revisions"}],"predecessor-version":[{"id":26689,"href":"https:\/\/zonaroja.com.mx\/index.php?rest_route=\/wp\/v2\/posts\/26688\/revisions\/26689"}],"wp:featuredmedia":[{"embeddable":true,"href":"https:\/\/zonaroja.com.mx\/index.php?rest_route=\/wp\/v2\/media\/20599"}],"wp:attachment":[{"href":"https:\/\/zonaroja.com.mx\/index.php?rest_route=%2Fwp%2Fv2%2Fmedia&parent=26688"}],"wp:term":[{"taxonomy":"category","embeddable":true,"href":"https:\/\/zonaroja.com.mx\/index.php?rest_route=%2Fwp%2Fv2%2Fcategories&post=26688"},{"taxonomy":"post_tag","embeddable":true,"href":"https:\/\/zonaroja.com.mx\/index.php?rest_route=%2Fwp%2Fv2%2Ftags&post=26688"}],"curies":[{"name":"wp","href":"https:\/\/api.w.org\/{rel}","templated":true}]}}