{"id":26690,"date":"2021-05-01T17:57:19","date_gmt":"2021-05-01T22:57:19","guid":{"rendered":"http:\/\/www.zonaroja.com.mx\/?p=26690"},"modified":"2021-05-01T17:57:26","modified_gmt":"2021-05-01T22:57:26","slug":"el-orgullo-de-su-nepotismo-hija-de-felix-salgado-sera-candidata-a-gobernadora","status":"publish","type":"post","link":"https:\/\/zonaroja.com.mx\/?p=26690","title":{"rendered":"El orgullo de su nepotismo: hija de F\u00e9lix Salgado ser\u00e1 candidata a gobernadora"},"content":{"rendered":"\n<p>Redacci\u00f3n\/Zona Roja Cdmx.<\/p>\n\n\n\n<p>Ciudad de M\u00e9xico, 1 de mayo de 2021.- El Movimiento de Regeneraci\u00f3n Nacional (Morena) anunci\u00f3 a Evelyn Salgado Pineda, como su nueva candidata al gobierno de Guerrero.<\/p>\n\n\n\n<p>Luego de que el Tribunal Electoral del Poder Judicial de la Federaci\u00f3n (TEPJF) ratificara la cancelaci\u00f3n de la candidatura de F\u00e9lix Salgado Macedonio al gobierno del estado, por no presentar en tiempo y forma sus gastos de precampa\u00f1a, la Comisi\u00f3n Nacional de Elecciones del partido decidi\u00f3 realizar una encuesta v\u00eda telef\u00f3nica entre sus militantes para definir a su nueva candidata.<\/p>\n\n\n\n<p>Las encuestadoras Parametr\u00eda as\u00ed como Mendoza Blanco y Asociados, fueron las casas encuestadoras encargadas de realizar el ejercicio espejo entre los morenistas guerrerenses, quienes dieron su opini\u00f3n de preferencia entre las aspirantes Nestora Salgado, Mar\u00eda de la Luz Nu\u00f1ez y Evelyn Salgado.<\/p>\n\n\n\n<p>\u201cEvelyn Salgado, es la persona mejor posicionada para ocupar la candidatura a la Gubernatura de Guerrero, as\u00ed nos confirma nuestra encuesta interna, respaldada por dos encuestas espejo, en la Comisi\u00f3n de elecciones\u201d, destac\u00f3 el presidente de Morena, Mario Delgado.<\/p>\n\n\n\n<p>En un segundo mensaje, Delgado Carrillo poste\u00f3: \u201c\u00a1Tenemos candidata! Evelyn Salgado Pineda es una mujer joven, capaz y la mejor evaluada. Vamos por una #Revoluci\u00f3nEnLasUrnas en Guerrero. #DefendamosLaEsperanza\u201d, escribi\u00f3 acompa\u00f1ado de una fotograf\u00eda con la ahora nueva aspirante a gobernar la entidad.<\/p>\n\n\n\n<p>Antes de que el presidente morenista anunciara los resultados, la aspirante y fundadora de Morena en Guerrero, Maria de la Luz N\u00fa\u00f1ez, adelant\u00f3 el triunfo de Salgado Pineda.<\/p>\n\n\n\n<p>\u201cEvelyn sin duda llevaba las de ganar, sea una realidad en el estado de Guerrero, tambi\u00e9n en el estado de Michoac\u00e1n, en donde nos golpearon y nos quisieron resumir a nada, pero nos dieron m\u00e1s consistencia como movimiento. Estoy segura que vamos a ganar con Evelyn Salgado Pineda, su padre es mi compa\u00f1ero, estamos contentos con ese triunfo que vamos a ver\u201d, asegur\u00f3.<\/p>\n\n\n\n<p>De acuerdo con los resultados de la encuesta interna, realizada mediante 1,200 entrevistas v\u00eda telef\u00f3nica, se revel\u00f3 que Evelyn Salgado es considerada como la mejor candidata al obtener el 23.1% de las preferencias; mientras que la senadora Nestora Salgado obtuvo 17.7% y Mar\u00eda de la Luz N\u00fa\u00f1ez, 4.8%.<\/p>\n\n\n\n<p>En tanto que al preguntarles por qu\u00e9 candidata estar\u00eda dispuesta\/o a votar, el resultado fue el siguiente: 21.4% se dijo a favor de Evelyn Salgado, seguido de un 14.2% mencion\u00f3 a Nestora Salgado, mientras que el 3.5% se\u00f1al\u00f3 a Mar\u00eda de la Luz Nu\u00f1ez.<\/p>\n\n\n\n<p>(Informaci\u00f3n de Infobae)<\/p>\n","protected":false},"excerpt":{"rendered":"<p>Redacci\u00f3n\/Zona Roja Cdmx. Ciudad de M\u00e9xico, 1 de mayo de 2021.- El Movimiento de Regeneraci\u00f3n&hellip;<\/p>\n","protected":false},"author":2,"featured_media":26691,"comment_status":"closed","ping_status":"open","sticky":false,"template":"","format":"standard","meta":{"_lmt_disableupdate":"","_lmt_disable":"","_jetpack_memberships_contains_paid_content":false,"footnotes":""},"categories":[109,47],"tags":[2647,2352],"class_list":["post-26690","post","type-post","status-publish","format-standard","has-post-thumbnail","hentry","category-minuto-a-minuto","category-zona-gris","tag-evelyn-salgado-pineda","tag-felix-salgado-macedonio"],"jetpack_featured_media_url":"https:\/\/zonaroja.com.mx\/wp-content\/uploads\/2021\/05\/Felix-Salgado-y-Evelyn.jpg","jetpack_sharing_enabled":true,"_links":{"self":[{"href":"https:\/\/zonaroja.com.mx\/index.php?rest_route=\/wp\/v2\/posts\/26690","targetHints":{"allow":["GET"]}}],"collection":[{"href":"https:\/\/zonaroja.com.mx\/index.php?rest_route=\/wp\/v2\/posts"}],"about":[{"href":"https:\/\/zonaroja.com.mx\/index.php?rest_route=\/wp\/v2\/types\/post"}],"author":[{"embeddable":true,"href":"https:\/\/zonaroja.com.mx\/index.php?rest_route=\/wp\/v2\/users\/2"}],"replies":[{"embeddable":true,"href":"https:\/\/zonaroja.com.mx\/index.php?rest_route=%2Fwp%2Fv2%2Fcomments&post=26690"}],"version-history":[{"count":1,"href":"https:\/\/zonaroja.com.mx\/index.php?rest_route=\/wp\/v2\/posts\/26690\/revisions"}],"predecessor-version":[{"id":26692,"href":"https:\/\/zonaroja.com.mx\/index.php?rest_route=\/wp\/v2\/posts\/26690\/revisions\/26692"}],"wp:featuredmedia":[{"embeddable":true,"href":"https:\/\/zonaroja.com.mx\/index.php?rest_route=\/wp\/v2\/media\/26691"}],"wp:attachment":[{"href":"https:\/\/zonaroja.com.mx\/index.php?rest_route=%2Fwp%2Fv2%2Fmedia&parent=26690"}],"wp:term":[{"taxonomy":"category","embeddable":true,"href":"https:\/\/zonaroja.com.mx\/index.php?rest_route=%2Fwp%2Fv2%2Fcategories&post=26690"},{"taxonomy":"post_tag","embeddable":true,"href":"https:\/\/zonaroja.com.mx\/index.php?rest_route=%2Fwp%2Fv2%2Ftags&post=26690"}],"curies":[{"name":"wp","href":"https:\/\/api.w.org\/{rel}","templated":true}]}}