{"id":26695,"date":"2021-05-02T06:53:14","date_gmt":"2021-05-02T11:53:14","guid":{"rendered":"http:\/\/www.zonaroja.com.mx\/?p=26695"},"modified":"2021-05-02T06:53:26","modified_gmt":"2021-05-02T11:53:26","slug":"el-mundo-habria-gastado-al-menos-157-mil-mdd-al-2025-por-vacunas","status":"publish","type":"post","link":"https:\/\/zonaroja.com.mx\/?p=26695","title":{"rendered":"El mundo habr\u00eda gastado al menos 157 mil mdd al 2025, por vacunas"},"content":{"rendered":"\n<p>Redacci\u00f3n\/Zona Roja Cdmx.<\/p>\n\n\n\n<p>Ciudad de M\u00e9xico, 2 de mayo de 2021.- El gasto total global en vacunas contra el Covid-19 est\u00e1 proyectado en 157 mil millones de d\u00f3lares al 2025, debido a los masivos programas de inmunizaci\u00f3n que se llevan a cabo y a la necesidad de \u00abdosis de refuerzo\u00bb cada dos a\u00f1os, seg\u00fan un reporte de la compa\u00f1\u00eda IQVIA.<\/p>\n\n\n\n<p>La empresa estadounidense, que provee datos y an\u00e1lisis para la industria m\u00e9dica, dijo que espera que la primera ronda de inmunizaci\u00f3n contra el coronavirus alcance a 70% de la poblaci\u00f3n mundial a fines de 2022.<\/p>\n\n\n\n<p>Est\u00e1 previsto que el gasto en vacunas sea el m\u00e1s alto este a\u00f1o, con 54 mil millones de d\u00f3lares, dado que las campa\u00f1as est\u00e1n activas en todo el mundo. Se estima que el monto descienda hasta llegar a 11 mil millones de d\u00f3lares en 2025, ya que la competencia y los vol\u00famenes de dosis causar\u00e1n una disminuci\u00f3n de sus precios, dijo Murray Aitken, vicepresidente senior de IQVIA.<\/p>\n\n\n\n<p>El gasto previsto en vacunas contra el Covid-19 representa 2% de los casi siete billones de d\u00f3lares que se estima se desembolsar\u00e1n en todas las medicinas recetadas durante el periodo a 2025, dijo el reporte.<\/p>\n\n\n\n<p>Por otra parte, BioNTech espera para septiembre los resultados de ensayos sobre una inmunizaci\u00f3n contra el coronavirus para ni\u00f1os peque\u00f1os y beb\u00e9s de hasta seis meses que desarroll\u00f3 en conjunto con Pfizer, report\u00f3 la revista alemana Spiegel.<\/p>\n\n\n\n<p>\u00abEn julio, los primeros resultados podr\u00edan estar disponibles para los ni\u00f1os de cinco a 12 a\u00f1os, en septiembre, para los m\u00e1s peque\u00f1os\u00bb, dijo el presidente ejecutivo de BioNTech. A\u00f1adi\u00f3 que se necesitan entre 4 y 6 semanas para evaluar los datos.<\/p>\n\n\n\n<p>(Informaci\u00f3n de agencias internacionales)<\/p>\n","protected":false},"excerpt":{"rendered":"<p>Redacci\u00f3n\/Zona Roja Cdmx. Ciudad de M\u00e9xico, 2 de mayo de 2021.- El gasto total global&hellip;<\/p>\n","protected":false},"author":2,"featured_media":21735,"comment_status":"closed","ping_status":"open","sticky":false,"template":"","format":"standard","meta":{"_lmt_disableupdate":"","_lmt_disable":"","_jetpack_memberships_contains_paid_content":false,"footnotes":""},"categories":[109,47],"tags":[1510],"class_list":["post-26695","post","type-post","status-publish","format-standard","has-post-thumbnail","hentry","category-minuto-a-minuto","category-zona-gris","tag-coronavirus-pandemia-global"],"jetpack_featured_media_url":"https:\/\/zonaroja.com.mx\/wp-content\/uploads\/2020\/12\/Vacuna-anticovid-1.jpg","jetpack_sharing_enabled":true,"_links":{"self":[{"href":"https:\/\/zonaroja.com.mx\/index.php?rest_route=\/wp\/v2\/posts\/26695","targetHints":{"allow":["GET"]}}],"collection":[{"href":"https:\/\/zonaroja.com.mx\/index.php?rest_route=\/wp\/v2\/posts"}],"about":[{"href":"https:\/\/zonaroja.com.mx\/index.php?rest_route=\/wp\/v2\/types\/post"}],"author":[{"embeddable":true,"href":"https:\/\/zonaroja.com.mx\/index.php?rest_route=\/wp\/v2\/users\/2"}],"replies":[{"embeddable":true,"href":"https:\/\/zonaroja.com.mx\/index.php?rest_route=%2Fwp%2Fv2%2Fcomments&post=26695"}],"version-history":[{"count":2,"href":"https:\/\/zonaroja.com.mx\/index.php?rest_route=\/wp\/v2\/posts\/26695\/revisions"}],"predecessor-version":[{"id":26697,"href":"https:\/\/zonaroja.com.mx\/index.php?rest_route=\/wp\/v2\/posts\/26695\/revisions\/26697"}],"wp:featuredmedia":[{"embeddable":true,"href":"https:\/\/zonaroja.com.mx\/index.php?rest_route=\/wp\/v2\/media\/21735"}],"wp:attachment":[{"href":"https:\/\/zonaroja.com.mx\/index.php?rest_route=%2Fwp%2Fv2%2Fmedia&parent=26695"}],"wp:term":[{"taxonomy":"category","embeddable":true,"href":"https:\/\/zonaroja.com.mx\/index.php?rest_route=%2Fwp%2Fv2%2Fcategories&post=26695"},{"taxonomy":"post_tag","embeddable":true,"href":"https:\/\/zonaroja.com.mx\/index.php?rest_route=%2Fwp%2Fv2%2Ftags&post=26695"}],"curies":[{"name":"wp","href":"https:\/\/api.w.org\/{rel}","templated":true}]}}