{"id":26707,"date":"2021-05-02T07:51:23","date_gmt":"2021-05-02T12:51:23","guid":{"rendered":"http:\/\/www.zonaroja.com.mx\/?p=26707"},"modified":"2021-05-02T07:51:25","modified_gmt":"2021-05-02T12:51:25","slug":"hospital-civil-sobrevive-a-las-carencias-ante-el-covid-no-hubo-abasto-total","status":"publish","type":"post","link":"https:\/\/zonaroja.com.mx\/?p=26707","title":{"rendered":"Hospital Civil sobrevive a las carencias ante el Covid; no hubo abasto total"},"content":{"rendered":"\n<p>Yuridiana Sosa\/Zona Roja.<\/p>\n\n\n\n<p>Oaxaca de Ju\u00e1rez, Oax., 2 de mayo de 2021.- A m\u00e1s de un a\u00f1o de contingencia sanitaria por Covid-19, el personal m\u00e9dico del Hospital Civil \u201cDr. Aurelio Valdivieso\u201d sigue sufriendo del desabasto de equipos de protecci\u00f3n e insumos para combatir la pandemia.<\/p>\n\n\n\n<p>El secretario general de la Subsecci\u00f3n 07, de la Secci\u00f3n 35 del SNTSA, Alberto V\u00e1squez San Germ\u00e1n, se\u00f1al\u00f3 que los Servicios de Salud de Oaxaca (SSO) no han logrado mantener abasto del 100 por ciento en insumos relacionados a la protecci\u00f3n personal del personal y atenci\u00f3n al paciente en la lucha del Covid-19.<\/p>\n\n\n\n<p>Dijo que han sido los propios trabajadores los que han invertido en la compra de sus equipos de seguridad y record\u00f3 que fueron las donaciones de la iniciativa privada y de los diputados de la 64 Legislatura lo que les ayud\u00f3 en los primeros meses de la pandemia, cuando hasta un cubrebocas y careta era costoso.<\/p>\n\n\n\n<p>Tambi\u00e9n denunci\u00f3 que la Secretar\u00eda de Salud de Oaxaca no repuso la matr\u00edcula laboral ante la ausencia de los trabajadores que se ausentaron por ser parte de los grupos vulnerables, lo que ha llevado al personal activo continuar labores bajo un extenuante agotamiento.<\/p>\n\n\n\n<p>Actualmente a\u00fan permanecen sin la colaboraci\u00f3n de 370 trabajadores. \u201cEstamos cansados\u201d, apunta el l\u00edder sindical, quien agreg\u00f3 que durante la semana que concluye, el \u00e1rea Covid se volvi\u00f3 a saturar, as\u00ed como la de medicina interna.<\/p>\n\n\n\n<p>El secretario de la Subsecci\u00f3n 07 se\u00f1al\u00f3 que la poblaci\u00f3n ya demanda que en el Hospital civil se retomen los servicios que por la pandemia se suspendieron, por lo que exigi\u00f3 al gobierno del estado atenci\u00f3n inmediata y certera a las demandas del personal de este nosocomio.<\/p>\n","protected":false},"excerpt":{"rendered":"<p>Yuridiana Sosa\/Zona Roja. Oaxaca de Ju\u00e1rez, Oax., 2 de mayo de 2021.- A m\u00e1s de&hellip;<\/p>\n","protected":false},"author":2,"featured_media":13229,"comment_status":"closed","ping_status":"open","sticky":false,"template":"","format":"standard","meta":{"_lmt_disableupdate":"","_lmt_disable":"","_jetpack_memberships_contains_paid_content":false,"footnotes":""},"categories":[109,47],"tags":[781],"class_list":["post-26707","post","type-post","status-publish","format-standard","has-post-thumbnail","hentry","category-minuto-a-minuto","category-zona-gris","tag-hospital-civil-dr-aurelio-valdivieso-de-oaxaca"],"jetpack_featured_media_url":"https:\/\/zonaroja.com.mx\/wp-content\/uploads\/2020\/06\/Hospital-Civil-Oxaca.png","jetpack_sharing_enabled":true,"_links":{"self":[{"href":"https:\/\/zonaroja.com.mx\/index.php?rest_route=\/wp\/v2\/posts\/26707","targetHints":{"allow":["GET"]}}],"collection":[{"href":"https:\/\/zonaroja.com.mx\/index.php?rest_route=\/wp\/v2\/posts"}],"about":[{"href":"https:\/\/zonaroja.com.mx\/index.php?rest_route=\/wp\/v2\/types\/post"}],"author":[{"embeddable":true,"href":"https:\/\/zonaroja.com.mx\/index.php?rest_route=\/wp\/v2\/users\/2"}],"replies":[{"embeddable":true,"href":"https:\/\/zonaroja.com.mx\/index.php?rest_route=%2Fwp%2Fv2%2Fcomments&post=26707"}],"version-history":[{"count":1,"href":"https:\/\/zonaroja.com.mx\/index.php?rest_route=\/wp\/v2\/posts\/26707\/revisions"}],"predecessor-version":[{"id":26708,"href":"https:\/\/zonaroja.com.mx\/index.php?rest_route=\/wp\/v2\/posts\/26707\/revisions\/26708"}],"wp:featuredmedia":[{"embeddable":true,"href":"https:\/\/zonaroja.com.mx\/index.php?rest_route=\/wp\/v2\/media\/13229"}],"wp:attachment":[{"href":"https:\/\/zonaroja.com.mx\/index.php?rest_route=%2Fwp%2Fv2%2Fmedia&parent=26707"}],"wp:term":[{"taxonomy":"category","embeddable":true,"href":"https:\/\/zonaroja.com.mx\/index.php?rest_route=%2Fwp%2Fv2%2Fcategories&post=26707"},{"taxonomy":"post_tag","embeddable":true,"href":"https:\/\/zonaroja.com.mx\/index.php?rest_route=%2Fwp%2Fv2%2Ftags&post=26707"}],"curies":[{"name":"wp","href":"https:\/\/api.w.org\/{rel}","templated":true}]}}