{"id":26709,"date":"2021-05-02T07:54:58","date_gmt":"2021-05-02T12:54:58","guid":{"rendered":"http:\/\/www.zonaroja.com.mx\/?p=26709"},"modified":"2021-05-02T07:55:01","modified_gmt":"2021-05-02T12:55:01","slug":"piden-a-dirigencia-de-s-22-retomar-principios-rectores-del-mdteo","status":"publish","type":"post","link":"https:\/\/zonaroja.com.mx\/?p=26709","title":{"rendered":"Piden a dirigencia de S-22 retomar principios rectores del MDTEO"},"content":{"rendered":"\n<p>Evlin Arag\u00f3n\/Zona Roja.<\/p>\n\n\n\n<p>Oaxaca de Ju\u00e1rez, Oax., 2 de mayo de 2021.- Integrantes del sector Juchit\u00e1n del Sindicato Nacional de Trabajadores de la Educaci\u00f3n (SNTE), manifestaron su inconformidad ante las omisiones que ha cometido la dirigencia magisterial encabezada por Eloy L\u00f3pez Hern\u00e1ndez, poniendo en riesgo los principios rectores y la trayectoria de lucha del magisterio oaxaque\u00f1o.<\/p>\n\n\n\n<p>Por lo anterior exigieron el respeto irrestricto al Movimiento Democr\u00e1tico de Trabajadores de la Educaci\u00f3n de Oaxaca (MDTEO), a la par que advirtieron la falta de solvencia moral por parte de la actual dirigencia, que impide incluso su permanencia frente del gremio, misma que oficialmente feneci\u00f3 el pasado 21 de enero.<\/p>\n\n\n\n<p>\u201cLa actual dirigencia seccional tom\u00f3 posesi\u00f3n en sus funciones el 21 de enero de 2017, por lo que tiene ya tres meses que feneci\u00f3 su periodo de gobierno sindical estatutario y tal parece que quisieran eternizarse en sus cargos, ya que no han informado nada acerca del relevo seccional que, a nuestro juicio, resulta un imperativo de inaplazable operatividad\u201d.<\/p>\n\n\n\n<p>As\u00ed lo expone el documento &#8211;firmado por Humberto Jorge Jim\u00e9nez, coordinador pol\u00edtico del sector, y Lizeth Castellanos Hern\u00e1ndez, representante sindical&#8211; donde reclamaron a la dirigencia sindical la desinformaci\u00f3n, desmovilizaci\u00f3n y desatenci\u00f3n que ha tenido con la base magisterial durante este a\u00f1o de pandemia, minimizando las demandas de las y los trabajadores.<\/p>\n\n\n\n<p>Calificaron de inaudita la opacidad con la que Eloy L\u00f3pez y compa\u00f1\u00eda han manejado los resultados de las numerosas mesas de negociaci\u00f3n con las autoridades estatales y federales, prueba de ello la falta de asambleas para rendir cuentas.<\/p>\n\n\n\n<p>As\u00ed mismo reprobaron que, aprovech\u00e1ndose de la fuerza del magisterio, negociar\u00e1n candidaturas en el proceso electoral en curso para sus familiares y allegados, contraviniendo el principio rector n\u00famero 7 del MDTEO, acci\u00f3n que calificaron de insultante para todo el gremio.<\/p>\n\n\n\n<p>Finalmente, cuestionaron que el Comit\u00e9 Ejecutivo Seccional haya determinado, unilateralmente y sin convocar a una asamblea de delegados, participar con una comisi\u00f3n en el XIV Congreso Nacional de la CNTE, programado para los d\u00edas 13, 14 y 15 de mayo.<\/p>\n\n\n\n<p>Por lo anterior exigieron que la participaci\u00f3n en dicho congreso sea por medio de delegados, nombrados en asambleas sindicales, y la realizaci\u00f3n de la asamblea estatal que avale el nombramiento de dichos delegados.<\/p>\n\n\n\n<p>As\u00ed mismo se turne ante el Comit\u00e9 Ejecutivo Nacional la solicitud para la expedici\u00f3n de la convocatoria al XXIII Congreso Extraordinario de la Secci\u00f3n 22 y, mediante la consulta de las bases se trace la ruta para la realizaci\u00f3n del XII Precongreso de la gremial.<\/p>\n","protected":false},"excerpt":{"rendered":"<p>Evlin Arag\u00f3n\/Zona Roja. Oaxaca de Ju\u00e1rez, Oax., 2 de mayo de 2021.- Integrantes del sector&hellip;<\/p>\n","protected":false},"author":2,"featured_media":26710,"comment_status":"closed","ping_status":"open","sticky":false,"template":"","format":"standard","meta":{"_lmt_disableupdate":"","_lmt_disable":"","_jetpack_memberships_contains_paid_content":false,"footnotes":""},"categories":[109,47],"tags":[312],"class_list":["post-26709","post","type-post","status-publish","format-standard","has-post-thumbnail","hentry","category-minuto-a-minuto","category-zona-gris","tag-seccion-22-del-snte"],"jetpack_featured_media_url":"https:\/\/zonaroja.com.mx\/wp-content\/uploads\/2021\/05\/Protestas-vs-Seccion-22-dirigencia.jpg","jetpack_sharing_enabled":true,"_links":{"self":[{"href":"https:\/\/zonaroja.com.mx\/index.php?rest_route=\/wp\/v2\/posts\/26709","targetHints":{"allow":["GET"]}}],"collection":[{"href":"https:\/\/zonaroja.com.mx\/index.php?rest_route=\/wp\/v2\/posts"}],"about":[{"href":"https:\/\/zonaroja.com.mx\/index.php?rest_route=\/wp\/v2\/types\/post"}],"author":[{"embeddable":true,"href":"https:\/\/zonaroja.com.mx\/index.php?rest_route=\/wp\/v2\/users\/2"}],"replies":[{"embeddable":true,"href":"https:\/\/zonaroja.com.mx\/index.php?rest_route=%2Fwp%2Fv2%2Fcomments&post=26709"}],"version-history":[{"count":1,"href":"https:\/\/zonaroja.com.mx\/index.php?rest_route=\/wp\/v2\/posts\/26709\/revisions"}],"predecessor-version":[{"id":26711,"href":"https:\/\/zonaroja.com.mx\/index.php?rest_route=\/wp\/v2\/posts\/26709\/revisions\/26711"}],"wp:featuredmedia":[{"embeddable":true,"href":"https:\/\/zonaroja.com.mx\/index.php?rest_route=\/wp\/v2\/media\/26710"}],"wp:attachment":[{"href":"https:\/\/zonaroja.com.mx\/index.php?rest_route=%2Fwp%2Fv2%2Fmedia&parent=26709"}],"wp:term":[{"taxonomy":"category","embeddable":true,"href":"https:\/\/zonaroja.com.mx\/index.php?rest_route=%2Fwp%2Fv2%2Fcategories&post=26709"},{"taxonomy":"post_tag","embeddable":true,"href":"https:\/\/zonaroja.com.mx\/index.php?rest_route=%2Fwp%2Fv2%2Ftags&post=26709"}],"curies":[{"name":"wp","href":"https:\/\/api.w.org\/{rel}","templated":true}]}}