{"id":26712,"date":"2021-05-02T13:21:22","date_gmt":"2021-05-02T18:21:22","guid":{"rendered":"http:\/\/www.zonaroja.com.mx\/?p=26712"},"modified":"2021-05-02T13:21:25","modified_gmt":"2021-05-02T18:21:25","slug":"muere-en-oaxaca-un-comunero-cuando-combatia-incendio-en-su-predio","status":"publish","type":"post","link":"https:\/\/zonaroja.com.mx\/?p=26712","title":{"rendered":"Muere en Oaxaca un comunero cuando combat\u00eda incendio en su predio"},"content":{"rendered":"\n<p>Ismael Garc\u00eda M.\/Zona Roja. Foto: Cortes\u00eda<\/p>\n\n\n\n<p>Oaxaca de Ju\u00e1rez, Oax., 2 de mayo de 2021.- Un comunero perdi\u00f3 la vida a causa de las llamas, al combatir un incendio en una comunidad del estado de Oaxaca.<\/p>\n\n\n\n<p>De acuerdo con el director de la Comisi\u00f3n Estatal Forestal (Coesfo), Alfredo Aar\u00f3n Ju\u00e1rez, los hechos se registraron ayer s\u00e1bado en un predio en Santa Catarina Juquila.<\/p>\n\n\n\n<p>Seg\u00fan detall\u00f3 en sus redes sociales, se trata de una persona de la tercera edad, quien combat\u00eda el fuego por una quema de pastizales, que se sali\u00f3 de control y avanzaba a zona boscosa.<\/p>\n\n\n\n<p>\u201cLametamblemente ayer falleci\u00f3 al quemar pastizales de su propiedad\u2026 Los cambios de viento y velocidad son eventos que no podemos controlar. Dios lo tenga en su gloria\u201d, detall\u00f3.<\/p>\n\n\n\n<p>De acuerdo con los datos m\u00e1s recientes de la Coesfo, son 152 incendios los que se han registrado en Oaxaca, hasta las 19:00 horas de ayer.<\/p>\n\n\n\n<p>Han consumido aproximadamente 18 mil 112.75 hect\u00e1res y a\u00fan se encuentran activos dos siniestros, en Santa Catarina Juquila y en el predio Zoqui\u00e1pam Boca de los Rios, del municipio de San Juan Bautista Atatlahuca.<\/p>\n","protected":false},"excerpt":{"rendered":"<p>Ismael Garc\u00eda M.\/Zona Roja. Foto: Cortes\u00eda Oaxaca de Ju\u00e1rez, Oax., 2 de mayo de 2021.-&hellip;<\/p>\n","protected":false},"author":2,"featured_media":26713,"comment_status":"closed","ping_status":"open","sticky":false,"template":"","format":"standard","meta":{"_lmt_disableupdate":"","_lmt_disable":"","_jetpack_memberships_contains_paid_content":false,"footnotes":""},"categories":[109,47],"tags":[1256],"class_list":["post-26712","post","type-post","status-publish","format-standard","has-post-thumbnail","hentry","category-minuto-a-minuto","category-zona-gris","tag-incendios-forestales-oaxaca"],"jetpack_featured_media_url":"https:\/\/zonaroja.com.mx\/wp-content\/uploads\/2021\/05\/Incendio-forestal.jpg","jetpack_sharing_enabled":true,"_links":{"self":[{"href":"https:\/\/zonaroja.com.mx\/index.php?rest_route=\/wp\/v2\/posts\/26712","targetHints":{"allow":["GET"]}}],"collection":[{"href":"https:\/\/zonaroja.com.mx\/index.php?rest_route=\/wp\/v2\/posts"}],"about":[{"href":"https:\/\/zonaroja.com.mx\/index.php?rest_route=\/wp\/v2\/types\/post"}],"author":[{"embeddable":true,"href":"https:\/\/zonaroja.com.mx\/index.php?rest_route=\/wp\/v2\/users\/2"}],"replies":[{"embeddable":true,"href":"https:\/\/zonaroja.com.mx\/index.php?rest_route=%2Fwp%2Fv2%2Fcomments&post=26712"}],"version-history":[{"count":1,"href":"https:\/\/zonaroja.com.mx\/index.php?rest_route=\/wp\/v2\/posts\/26712\/revisions"}],"predecessor-version":[{"id":26714,"href":"https:\/\/zonaroja.com.mx\/index.php?rest_route=\/wp\/v2\/posts\/26712\/revisions\/26714"}],"wp:featuredmedia":[{"embeddable":true,"href":"https:\/\/zonaroja.com.mx\/index.php?rest_route=\/wp\/v2\/media\/26713"}],"wp:attachment":[{"href":"https:\/\/zonaroja.com.mx\/index.php?rest_route=%2Fwp%2Fv2%2Fmedia&parent=26712"}],"wp:term":[{"taxonomy":"category","embeddable":true,"href":"https:\/\/zonaroja.com.mx\/index.php?rest_route=%2Fwp%2Fv2%2Fcategories&post=26712"},{"taxonomy":"post_tag","embeddable":true,"href":"https:\/\/zonaroja.com.mx\/index.php?rest_route=%2Fwp%2Fv2%2Ftags&post=26712"}],"curies":[{"name":"wp","href":"https:\/\/api.w.org\/{rel}","templated":true}]}}