{"id":26715,"date":"2021-05-02T14:19:48","date_gmt":"2021-05-02T19:19:48","guid":{"rendered":"http:\/\/www.zonaroja.com.mx\/?p=26715"},"modified":"2021-05-02T14:19:52","modified_gmt":"2021-05-02T19:19:52","slug":"borran-mural-con-rostros-de-mujeres-victimas-de-ataques-con-acido-en-edomex","status":"publish","type":"post","link":"https:\/\/zonaroja.com.mx\/?p=26715","title":{"rendered":"Borran mural con rostros de mujeres v\u00edctimas de ataques con \u00e1cido en Edomex"},"content":{"rendered":"\n<p>Redacci\u00f3n\/IOaxaca.<\/p>\n\n\n\n<p>Oaxaca de Ju\u00e1rez, Oax., 2 de mayo de 2021.- Mujeres v\u00edctimas de ataques con \u00e1cido denunciaron que un mural que realizaron para visibilizar sus casos, fue borrado sin justificaci\u00f3n alguna en Huixquilucan, Estado de M\u00e9xico.<\/p>\n\n\n\n<p>La Fundaci\u00f3n \u201cCarmen S\u00e1nchez MX\u201d explic\u00f3 que la ma\u00f1ana del 26 de abril, el mural que pintaron con los rostros de v\u00edctimas de ataques con \u00e1cido amaneci\u00f3 pintado de blanco.<\/p>\n\n\n\n<p>El mural fue realizado como forma de protesta y para visibilizar a cuatro mujeres sobrevivientes: Esmeralda Mill\u00e1n, Carmen S\u00e1nchez, la oaxaque\u00f1a Mar\u00eda Elena R\u00edos y Ana Salda\u00f1a, sin justicia a\u00fan.<\/p>\n\n\n\n<p>Explicaron que lo realizaron con el permiso del propietario de la barda y fue una iniciativa de la Fundaci\u00f3n \u201cCarmen S\u00e1nchez MX\u201d, con el apoyo del Consejo de OSC del Edomex.<\/p>\n\n\n\n<p>\u201cHacemos responsable a Enrique Vargas, presidente municipal de Huixquilucan y exigimos que nos repare integralmente el da\u00f1o\u201d, se\u00f1alaron.<\/p>\n\n\n\n<p>Las mujeres hicieron responsable al gobierno de Huixquilucan y exigieron que se repare el da\u00f1o, pues hay testigos de que una camioneta del Ayuntamiento lleg\u00f3 a pintar de blanco sin autorizaci\u00f3n.<\/p>\n\n\n\n<figure class=\"wp-block-embed-twitter wp-block-embed is-type-rich is-provider-twitter\"><div class=\"wp-block-embed__wrapper\">\n<div class=\"twitter-tweet\"><blockquote class=\"twitter-tweet\" data-lang=\"es\"><p lang=\"es\" dir=\"ltr\">As\u00ed amaneci\u00f3 el mural que pintamos el 21 de marzo con ayuda de <a href=\"https:\/\/twitter.com\/hashtag\/COSCemex?src=hash&amp;ref_src=twsrc%5Etfw\">#COSCemex<\/a>. Ten\u00edamos el permiso del propietario de la barda y el Ayuntamiento de <a href=\"https:\/\/twitter.com\/hashtag\/Huixquilucan?src=hash&amp;ref_src=twsrc%5Etfw\">#Huixquilucan<\/a> lo pint\u00f3 de blanco. Hacemos responsable a  <a href=\"https:\/\/twitter.com\/EnriqueVargasdV?ref_src=twsrc%5Etfw\">@EnriqueVargasdV<\/a> y exigimos que nos repare el da\u00f1o integralmente. <a href=\"https:\/\/t.co\/CI3DpW28KA\">pic.twitter.com\/CI3DpW28KA<\/a><\/p>&mdash; Carmen Anchez (@CarmenAnchez) <a href=\"https:\/\/twitter.com\/CarmenAnchez\/status\/1386913549537193984?ref_src=twsrc%5Etfw\">27 de abril de 2021<\/a><\/blockquote><\/div>\n<\/div><\/figure>\n\n\n\n<p>La Fundaci\u00f3n \u201cCarmen S\u00e1nchez MX\u201d conden\u00f3 el intento por silenciar esta protesta, sobre todo en el Estado de M\u00e9xico, entidad donde la violencia contra las mujeres sigue en aumento.<\/p>\n\n\n\n<p>\u201cEs grav\u00edsimo que en el Estado de M\u00e9xico, con cuatro casos registrados de ataques con \u00e1cidos, se trate de silenciar una protesta art\u00edstica de exigencia de justicia\u201d, expuso.<\/p>\n\n\n\n<p>Reiter\u00f3 que las mujeres atacadas con \u00e1cido son sobrevivientes de violencia y deben luchar contra la impunidad y la indolencia de las autoridades que minimizan este tipo de casos.<\/p>\n\n\n\n<p>El mural fue pintado por los artistas Pedro Pe\u00f1a Reyes, Trom y Miguel Sant.<\/p>\n\n\n\n<p>Titulado como \u201cLa digna rabia tiene rostro de mujer\u00bb, pintaron las caras de las v\u00edctimas, que reflejan dolor y rabia por la falta de justicia y la lucha incansable que comenzaron desde la agresi\u00f3n.<\/p>\n\n\n\n<p>En este primer mural de v\u00edctimas de ataques con \u00e1cido, se hab\u00edan pintado los rostros de cuatro mujeres sobrevivientes:<\/p>\n\n\n\n<p>Carmen S\u00e1nchez: atacada el 20 de febrero de 2014 por su expareja, quien sigue libre a pesar de una orden de aprehensi\u00f3n y una recompensa.<\/p>\n\n\n\n<p>Ana Helena Salda\u00f1a: a quien en noviembre de 2018, una mujer le arroj\u00f3 \u00e1cido en la cara y cuerpo.<\/p>\n\n\n\n<p>Esmeralda Mill\u00e1n: atacada con \u00e1cido el 2 de diciembre de 2018 en Puebla, por su expareja sentimental, Fidel \u2018N\u2019, detenido pero sin sentencia.<\/p>\n\n\n\n<p>Mar\u00eda Elena R\u00edos: artista oaxaque\u00f1a atacada con \u00e1cido el 9 de septiembre de 2019 presuntamente por \u00f3rdenes del exdiputado Juan Antonio V. C.<\/p>\n\n\n\n<figure class=\"wp-block-embed-twitter wp-block-embed is-type-rich is-provider-twitter\"><div class=\"wp-block-embed__wrapper\">\n<div class=\"twitter-tweet\"><blockquote class=\"twitter-tweet\" data-lang=\"es\"><p lang=\"es\" dir=\"ltr\">Lamento que borraran el mural sobre la concientizanci\u00f3n de los <a href=\"https:\/\/twitter.com\/hashtag\/ataquescon%C3%A1cido?src=hash&amp;ref_src=twsrc%5Etfw\">#ataquescon\u00e1cido<\/a> en <a href=\"https:\/\/twitter.com\/hashtag\/Huixquilucan?src=hash&amp;ref_src=twsrc%5Etfw\">#Huixquilucan<\/a>. Pero no voy a permitir que usen mi nombre para  evocar campa\u00f1as electorales baratas. Aclaro que en ning\u00fan momento me he pronunciado en contra de <a href=\"https:\/\/twitter.com\/EnriqueVargasdV?ref_src=twsrc%5Etfw\">@EnriqueVargasdV<\/a>. <a href=\"https:\/\/t.co\/5E85x6OXZk\">pic.twitter.com\/5E85x6OXZk<\/a><\/p>&mdash; Elena R\u00edos \ud83c\udf38 (@_ElenaRios) <a href=\"https:\/\/twitter.com\/_ElenaRios\/status\/1387255939217207298?ref_src=twsrc%5Etfw\">28 de abril de 2021<\/a><\/blockquote><\/div>\n<\/div><\/figure>\n","protected":false},"excerpt":{"rendered":"<p>Redacci\u00f3n\/IOaxaca. Oaxaca de Ju\u00e1rez, Oax., 2 de mayo de 2021.- Mujeres v\u00edctimas de ataques con&hellip;<\/p>\n","protected":false},"author":2,"featured_media":26716,"comment_status":"closed","ping_status":"open","sticky":false,"template":"","format":"standard","meta":{"_lmt_disableupdate":"","_lmt_disable":"","_jetpack_memberships_contains_paid_content":false,"footnotes":""},"categories":[109,47],"tags":[1124],"class_list":["post-26715","post","type-post","status-publish","format-standard","has-post-thumbnail","hentry","category-minuto-a-minuto","category-zona-gris","tag-maria-elena-rios-ortiz"],"jetpack_featured_media_url":"https:\/\/zonaroja.com.mx\/wp-content\/uploads\/2021\/05\/Mural-Huixquilucan.jpg","jetpack_sharing_enabled":true,"_links":{"self":[{"href":"https:\/\/zonaroja.com.mx\/index.php?rest_route=\/wp\/v2\/posts\/26715","targetHints":{"allow":["GET"]}}],"collection":[{"href":"https:\/\/zonaroja.com.mx\/index.php?rest_route=\/wp\/v2\/posts"}],"about":[{"href":"https:\/\/zonaroja.com.mx\/index.php?rest_route=\/wp\/v2\/types\/post"}],"author":[{"embeddable":true,"href":"https:\/\/zonaroja.com.mx\/index.php?rest_route=\/wp\/v2\/users\/2"}],"replies":[{"embeddable":true,"href":"https:\/\/zonaroja.com.mx\/index.php?rest_route=%2Fwp%2Fv2%2Fcomments&post=26715"}],"version-history":[{"count":1,"href":"https:\/\/zonaroja.com.mx\/index.php?rest_route=\/wp\/v2\/posts\/26715\/revisions"}],"predecessor-version":[{"id":26717,"href":"https:\/\/zonaroja.com.mx\/index.php?rest_route=\/wp\/v2\/posts\/26715\/revisions\/26717"}],"wp:featuredmedia":[{"embeddable":true,"href":"https:\/\/zonaroja.com.mx\/index.php?rest_route=\/wp\/v2\/media\/26716"}],"wp:attachment":[{"href":"https:\/\/zonaroja.com.mx\/index.php?rest_route=%2Fwp%2Fv2%2Fmedia&parent=26715"}],"wp:term":[{"taxonomy":"category","embeddable":true,"href":"https:\/\/zonaroja.com.mx\/index.php?rest_route=%2Fwp%2Fv2%2Fcategories&post=26715"},{"taxonomy":"post_tag","embeddable":true,"href":"https:\/\/zonaroja.com.mx\/index.php?rest_route=%2Fwp%2Fv2%2Ftags&post=26715"}],"curies":[{"name":"wp","href":"https:\/\/api.w.org\/{rel}","templated":true}]}}