{"id":26718,"date":"2021-05-02T15:19:37","date_gmt":"2021-05-02T20:19:37","guid":{"rendered":"http:\/\/www.zonaroja.com.mx\/?p=26718"},"modified":"2021-05-02T15:19:40","modified_gmt":"2021-05-02T20:19:40","slug":"mexico-suspende-prueba-de-preparacion-de-pisa","status":"publish","type":"post","link":"https:\/\/zonaroja.com.mx\/?p=26718","title":{"rendered":"M\u00e9xico suspende prueba de preparaci\u00f3n de PISA"},"content":{"rendered":"\n<p>Redacci\u00f3n\/Mexicanos contra la Corrupci\u00f3n<\/p>\n\n\n\n<p>Ciudad de M\u00e9xico, 2 de mayo de 2021.- M\u00e9xico suspendi\u00f3 la aplicaci\u00f3n de la prueba PISA para estudiantes de secundaria, no est\u00e1 claro si esto implica la salida total del programa que es parte de la OCDE.<\/p>\n\n\n\n<p>Un funcionario de PISA en Par\u00eds confirm\u00f3 a Mexicanos contra la Corrupci\u00f3n y la Impunidad (MCCI) que la participaci\u00f3n de M\u00e9xico en PISA est\u00e1 suspendida y que hasta donde tienen conocimiento no se est\u00e1n aplicando las pruebas de campo.<\/p>\n\n\n\n<p>\u201cEntendemos que el involucramiento de M\u00e9xico en PISA est\u00e1 suspendido (\u2026) No hemos podido conocer detalles en el \u00faltimo par de meses\u201d, dijo Tue Halgreen, analista senior de las oficinas centrales de PISA en Francia, en un correo electr\u00f3nico enviado a MCCI.<\/p>\n\n\n\n<p>Seg\u00fan el calendario, M\u00e9xico deber\u00eda estar realizando pruebas de campo en este momento para la evaluaci\u00f3n 2022, dijo Halgreen. Hasta donde las oficinas centrales de PISA tienen conocimiento, y seg\u00fan confirm\u00f3 MCCI con expertos en educaci\u00f3n, esto no est\u00e1 sucediendo.<\/p>\n\n\n\n<p>PISA es un examen para estudiantes de 15 a\u00f1os que se aplica cada tres a\u00f1os para medir habilidades en lectura, matem\u00e1ticas y ciencia y en el que M\u00e9xico participa desde el a\u00f1o 2000.<\/p>\n\n\n\n<p>PISA est\u00e1 afiliado a la Organizaci\u00f3n para la Cooperaci\u00f3n y Desarrollo Econ\u00f3mico de la que M\u00e9xico es miembro.<\/p>\n\n\n\n<p>La \u00faltima evaluaci\u00f3n se realiz\u00f3 en 2018 y la siguiente estaba programada para 2021, pero por la pandemia por Covid-19 se pospuso para 2022, con aplicaci\u00f3n de pruebas de campo en 2021.<\/p>\n\n\n\n<p>Seg\u00fan las oficinas centrales, de los 87 pa\u00edses que aplican la prueba M\u00e9xico ser\u00eda el \u00fanico que ha suspendido su participaci\u00f3n.<\/p>\n\n\n\n<p>La prueba de campo, que seg\u00fan las oficinas centrales M\u00e9xico no est\u00e1 realizando, es un examen similar a la evaluaci\u00f3n final, pero que se aplica solo a una muestra del alumnado de 15 a\u00f1os para revisar que la prueba est\u00e1 dise\u00f1ada de manera correcta y comprensible para todos los estudiantes.<\/p>\n\n\n\n<p>Con las pruebas de campo aplicadas a todos los pa\u00edses participantes PISA hace mejoras a la evaluaci\u00f3n que m\u00e1s tarde se aplica a todos los estudiantes de 15 a\u00f1os.<\/p>\n\n\n\n<p>Seg\u00fan expertos consultados por MCCI no realizar la prueba de campo es un aviso de que el pa\u00eds no participar\u00e1 en la evaluaci\u00f3n PISA 2022.<\/p>\n\n\n\n<p>A diferencia de otras evaluaciones, m\u00e1s que conocimientos PISA mide las capacidades de un joven de 15 a\u00f1os para seguir aprendiendo, con lo que cada pa\u00eds puede comparar las habilidades de sus estudiantes de esa edad.<\/p>\n\n\n\n<p>Alma Maldonado Maldonado, investigadora del Departamento de Investigaciones Educativas del CINVESTAV, explic\u00f3 a MCCI que PISA sirve para tomar decisiones en materia de educaci\u00f3n.<\/p>\n\n\n\n<p>\u201cEl tema de PISA siempre ha sido qu\u00e9 vas a hacer (a partir de los resultados) y ah\u00ed siempre nos hemos quedado cortos. PISA sirve para muchas cosas y fue usado ret\u00f3ricamente para decir necesitamos la reforma educativa de Pe\u00f1a Nieto, \u00bfqu\u00e9 iba a mejorar? No lo s\u00e9, se qued\u00f3 corta y no hubo tiempo. Que ahora digamos ni siquiera participo y ni siquiera tengo ese par\u00e1metro, supongo que el gobierno parte de que tenemos que creer que las cosas est\u00e1n bien o que est\u00e1n como ellos nos digan\u201d, dijo Maldonado.<\/p>\n\n\n\n<p>Esta no ser\u00eda la primera evaluaci\u00f3n que la actual administraci\u00f3n cancela. En 2019 se aplic\u00f3 la prueba ERCE de la Unesco \u2013que se aplica a estudiantes de tercero y sexto de primaria, pero el gobierno Andr\u00e9s Manuel L\u00f3pez Obrador anunci\u00f3 su salida del programa, por lo que los resultados de la evaluaci\u00f3n ya no se hicieron p\u00fablicos. Si no se aplica PISA ya solo quedar\u00eda Planea, la evaluaci\u00f3n que hace la Secretar\u00eda de Educaci\u00f3n.<\/p>\n\n\n\n<p>En 2019, la actual administraci\u00f3n desapareci\u00f3 el Instituto Nacional para la Evaluaci\u00f3n Educativa, un organismo aut\u00f3nomo, y cre\u00f3 Mejoredu que depende de la Secretar\u00eda de Educaci\u00f3n P\u00fablica.<\/p>\n\n\n\n<p>\u201cYa no hay evaluaci\u00f3n, va a desaparecer el instituto de evaluaci\u00f3n porque esa fue una imposici\u00f3n, repito, dictada desde el extranjero, aceptada d\u00f3cilmente por los gobiernos de M\u00e9xico, afanosos, afanosos, aceptaron evaluaci\u00f3n a los maestros\u201d, dijo entonces el presidente Andr\u00e9s Manuel L\u00f3pez Obrador.<\/p>\n\n\n\n<p>El entonces secretario de Educaci\u00f3n, Esteban Moctezuma Barrag\u00e1n, dijo que M\u00e9xico continuar\u00eda la aplicaci\u00f3n de la prueba PISA: \u201cLos resultados de la prueba PISA 2018, los cuales revelaron que alrededor del 50% de los estudiantes mexicanos no tienen las capacidades necesarias para desarrollarse en la sociedad, servir\u00e1n de insumo para tomar decisiones en la pol\u00edtica educativa\u201d.<\/p>\n\n\n\n<p>Maldonado, experta en educaci\u00f3n, dijo que sin ser perfecta PISA isa es la prueba m\u00e1s importante en el mundo para comparar educaci\u00f3n y los avances en otros pa\u00edses en esa materia.<\/p>\n\n\n\n<p>\u201cCuando se le pregunto al secretario Moctezuma con que \u00edbamos a evaluar su reforma, \u00e9l dijo que con PISA, \u00bfc\u00f3mo vamos a saber si estos cambios constitucionales han funcionado o no?\u201d, cuestion\u00f3 Maldonado.<\/p>\n\n\n\n<p>MCCI busc\u00f3 a autoridades de Mejoredu para conocer el status de la evaluaci\u00f3n PISA 2022, pero no obtuvo respuesta.<\/p>\n","protected":false},"excerpt":{"rendered":"<p>Redacci\u00f3n\/Mexicanos contra la Corrupci\u00f3n Ciudad de M\u00e9xico, 2 de mayo de 2021.- M\u00e9xico suspendi\u00f3 la&hellip;<\/p>\n","protected":false},"author":2,"featured_media":26719,"comment_status":"closed","ping_status":"open","sticky":false,"template":"","format":"standard","meta":{"_lmt_disableupdate":"","_lmt_disable":"","_jetpack_memberships_contains_paid_content":false,"footnotes":""},"categories":[109,47],"tags":[2648],"class_list":["post-26718","post","type-post","status-publish","format-standard","has-post-thumbnail","hentry","category-minuto-a-minuto","category-zona-gris","tag-mexicanos-contra-la-corrupcion-y-la-impunidad"],"jetpack_featured_media_url":"https:\/\/zonaroja.com.mx\/wp-content\/uploads\/2021\/05\/Estudiantes-secundaria-Mexico.jpg","jetpack_sharing_enabled":true,"_links":{"self":[{"href":"https:\/\/zonaroja.com.mx\/index.php?rest_route=\/wp\/v2\/posts\/26718","targetHints":{"allow":["GET"]}}],"collection":[{"href":"https:\/\/zonaroja.com.mx\/index.php?rest_route=\/wp\/v2\/posts"}],"about":[{"href":"https:\/\/zonaroja.com.mx\/index.php?rest_route=\/wp\/v2\/types\/post"}],"author":[{"embeddable":true,"href":"https:\/\/zonaroja.com.mx\/index.php?rest_route=\/wp\/v2\/users\/2"}],"replies":[{"embeddable":true,"href":"https:\/\/zonaroja.com.mx\/index.php?rest_route=%2Fwp%2Fv2%2Fcomments&post=26718"}],"version-history":[{"count":1,"href":"https:\/\/zonaroja.com.mx\/index.php?rest_route=\/wp\/v2\/posts\/26718\/revisions"}],"predecessor-version":[{"id":26720,"href":"https:\/\/zonaroja.com.mx\/index.php?rest_route=\/wp\/v2\/posts\/26718\/revisions\/26720"}],"wp:featuredmedia":[{"embeddable":true,"href":"https:\/\/zonaroja.com.mx\/index.php?rest_route=\/wp\/v2\/media\/26719"}],"wp:attachment":[{"href":"https:\/\/zonaroja.com.mx\/index.php?rest_route=%2Fwp%2Fv2%2Fmedia&parent=26718"}],"wp:term":[{"taxonomy":"category","embeddable":true,"href":"https:\/\/zonaroja.com.mx\/index.php?rest_route=%2Fwp%2Fv2%2Fcategories&post=26718"},{"taxonomy":"post_tag","embeddable":true,"href":"https:\/\/zonaroja.com.mx\/index.php?rest_route=%2Fwp%2Fv2%2Ftags&post=26718"}],"curies":[{"name":"wp","href":"https:\/\/api.w.org\/{rel}","templated":true}]}}