{"id":26730,"date":"2021-05-03T07:02:32","date_gmt":"2021-05-03T12:02:32","guid":{"rendered":"http:\/\/www.zonaroja.com.mx\/?p=26730"},"modified":"2021-05-03T07:02:35","modified_gmt":"2021-05-03T12:02:35","slug":"en-oaxaca-iban-a-rescatar-a-mujer-secuestrada-y-la-matan-en-operativo","status":"publish","type":"post","link":"https:\/\/zonaroja.com.mx\/?p=26730","title":{"rendered":"En Oaxaca iban a rescatar a mujer secuestrada\u2026 y la matan en operativo"},"content":{"rendered":"\n<p>Redacci\u00f3n\/Zona Roja.<\/p>\n\n\n\n<p>Oaxaca de Ju\u00e1rez, Oax., 3 de mayo de 2021.- Una mujer que iba a ser rescatada de un secuestro, perdi\u00f3 la vida ayer por la tarde a causa de disparos de arma de fuego, durante un operativo de la Fiscal\u00eda General del Estado, en San Juan Bautista Tuxtepec, Oaxaca.<\/p>\n\n\n\n<p>La v\u00edctima, de 33 a\u00f1os de edad, identificada con las iniciales P. B., y originaria de Santiago Jocotepec, fue alcanzada por las balas en el supuesto fuego cruzado entre delincuentes y polic\u00edas de investigaci\u00f3n; a\u00fan no se determina qui\u00e9n la mat\u00f3.<\/p>\n\n\n\n<p>Familiares de la mujer denunciaron el secuestro de la mujer por lo cual la Fiscal\u00eda General envi\u00f3 su Unidad Especializada en Combate al Secuestro, que la localiz\u00f3 en un domicilio en la comunidad de La Reforma, de Tuxtepec.<\/p>\n\n\n\n<p>Sin embargo, durante el operativo de rescate, se desat\u00f3 un intercambio de balas, en que result\u00f3 lesionada la mujer, por lo que fue trasladada a un hospital de Tuxtepec, donde m\u00e1s tarde perdi\u00f3 la vida.<\/p>\n\n\n\n<p>Dos presuntos secuestradores fueron detenidos y puestos a disposici\u00f3n del Ministerio P\u00fablico; sin embargo, hasta el momento no se ha establecido qui\u00e9n dispar\u00f3 en contra de la femenina y si hay investigaci\u00f3n en este caso particular.<\/p>\n","protected":false},"excerpt":{"rendered":"<p>Redacci\u00f3n\/Zona Roja. Oaxaca de Ju\u00e1rez, Oax., 3 de mayo de 2021.- Una mujer que iba&hellip;<\/p>\n","protected":false},"author":2,"featured_media":7486,"comment_status":"closed","ping_status":"open","sticky":false,"template":"","format":"standard","meta":{"_lmt_disableupdate":"","_lmt_disable":"","_jetpack_memberships_contains_paid_content":false,"footnotes":""},"categories":[109,51],"tags":[118],"class_list":["post-26730","post","type-post","status-publish","format-standard","has-post-thumbnail","hentry","category-minuto-a-minuto","category-zona-roja","tag-san-juan-bautista-tuxtepec"],"jetpack_featured_media_url":"https:\/\/zonaroja.com.mx\/wp-content\/uploads\/2020\/01\/Escena-del-crimen7.jpg","jetpack_sharing_enabled":true,"_links":{"self":[{"href":"https:\/\/zonaroja.com.mx\/index.php?rest_route=\/wp\/v2\/posts\/26730","targetHints":{"allow":["GET"]}}],"collection":[{"href":"https:\/\/zonaroja.com.mx\/index.php?rest_route=\/wp\/v2\/posts"}],"about":[{"href":"https:\/\/zonaroja.com.mx\/index.php?rest_route=\/wp\/v2\/types\/post"}],"author":[{"embeddable":true,"href":"https:\/\/zonaroja.com.mx\/index.php?rest_route=\/wp\/v2\/users\/2"}],"replies":[{"embeddable":true,"href":"https:\/\/zonaroja.com.mx\/index.php?rest_route=%2Fwp%2Fv2%2Fcomments&post=26730"}],"version-history":[{"count":1,"href":"https:\/\/zonaroja.com.mx\/index.php?rest_route=\/wp\/v2\/posts\/26730\/revisions"}],"predecessor-version":[{"id":26731,"href":"https:\/\/zonaroja.com.mx\/index.php?rest_route=\/wp\/v2\/posts\/26730\/revisions\/26731"}],"wp:featuredmedia":[{"embeddable":true,"href":"https:\/\/zonaroja.com.mx\/index.php?rest_route=\/wp\/v2\/media\/7486"}],"wp:attachment":[{"href":"https:\/\/zonaroja.com.mx\/index.php?rest_route=%2Fwp%2Fv2%2Fmedia&parent=26730"}],"wp:term":[{"taxonomy":"category","embeddable":true,"href":"https:\/\/zonaroja.com.mx\/index.php?rest_route=%2Fwp%2Fv2%2Fcategories&post=26730"},{"taxonomy":"post_tag","embeddable":true,"href":"https:\/\/zonaroja.com.mx\/index.php?rest_route=%2Fwp%2Fv2%2Ftags&post=26730"}],"curies":[{"name":"wp","href":"https:\/\/api.w.org\/{rel}","templated":true}]}}