{"id":26732,"date":"2021-05-03T08:23:53","date_gmt":"2021-05-03T13:23:53","guid":{"rendered":"http:\/\/www.zonaroja.com.mx\/?p=26732"},"modified":"2021-05-03T08:23:56","modified_gmt":"2021-05-03T13:23:56","slug":"opinion-donde-estan-los-diputados-federales-por-oaxaca","status":"publish","type":"post","link":"https:\/\/zonaroja.com.mx\/?p=26732","title":{"rendered":"Opini\u00f3n. \u00bfD\u00f3nde est\u00e1n los diputados federales por Oaxaca?"},"content":{"rendered":"\n<p>Ismael Garc\u00eda M.\/Zona Roja.<\/p>\n\n\n\n<p>Oaxaca de Ju\u00e1rez, Oax., 3 de mayo de 2021.- \u00bfUsted conoce a los diputados federales por Oaxaca? Ni por asomo, a dos a\u00f1os y medio de su gesti\u00f3n. Ni los de la Cuarta Transformaci\u00f3n ni los del \u201cviejo r\u00e9gimen\u201d aparecen por alg\u00fan lado\u2026 m\u00e1s que cuando vuelven a pedir el voto.<\/p>\n\n\n\n<p>Eso s\u00ed, principalmente los del Partido Morena, est\u00e1n prestos a obedecer las \u00f3rdenes del titular del Poder Ejecutivo de Oaxaca, Alejandro Murat, a cambio de prebendas.<\/p>\n\n\n\n<p>\u00bfNo robar, no mentir y no traicionar al pueblo? Por lo menos eso no se ha visto en Azael Santiago Chepi, Armando Contreras, Daniel Guti\u00e9rrez Carol Antonio Altamirano, Benjam\u00edn Robles Montoya, por citar algunos nombres.<\/p>\n\n\n\n<p>Oaxaca cuenta ni m\u00e1s ni menos que con 20 legisladores federales, de 500 que conforman la C\u00e1mara alta; la mayor\u00eda, 15, son de Morena, tres del Partido del Trabajo y dos de Acci\u00f3n Nacional.<\/p>\n\n\n\n<p>Pr\u00e1cticamente todos van a la reelecci\u00f3n, pero ninguno, ninguno, tiene o ha tenido un desempe\u00f1o relevante.<\/p>\n\n\n\n<p>\u00bfLe suenan los nombres de los morenistas Mar\u00eda del Carmen Bautista Pel\u00e1ez, V\u00edctor Blas, Jorge Luis Estrada Rodr\u00edguez, Rosalinda Dom\u00ednguez Flores, Manuel Garc\u00eda Corpus &#8211;ex prominente priista, ex perredista&#8211;, Virginia Merino Garc\u00eda, Beatriz Dominga P\u00e9rez, Alejandro Ponce, Ir\u00e1n Santiago Manuel, Graciela Zavaleta?<\/p>\n\n\n\n<p>Para nada, pues jam\u00e1s volvieron a su estado y muchos ganaron la curul por una t\u00f3mbola, s\u00ed, por suerte.<\/p>\n\n\n\n<p>Azael Santiago vegeta en el Legislativo, sin propuestas ni intervenciones; eso s\u00ed, el ex dirigente magisterial est\u00e1 presto para cualquier negocio en la entidad, incluyendo con Oswaldo Garc\u00eda Jarqu\u00edn, su compa\u00f1ero de farra.<\/p>\n\n\n\n<p>Carlo Antonio, ex perredista que s\u00f3lo ha vivido de los cargos de representaci\u00f3n popular, local y federal; Daniel Guti\u00e9rrez, con sus negocios y constructoras, enga\u00f1ando a los pueblos de la Sierra Sur.<\/p>\n\n\n\n<p>Armando Contreras Castillo, ex colaborador de Ulises Ruiz, m\u00e1s preocupado por buscar alg\u00fan otro cargo en Morena y repetir en la curul, con el apoyo de Ericel G\u00f3mez Nucamendi.<\/p>\n\n\n\n<p>Y LOS OTROS<\/p>\n\n\n\n<p>De Acci\u00f3n Nacional, se sabe de Natividad D\u00edaz Jim\u00e9nez s\u00f3lo por ser dirigente de su partido en Oaxaca y por los recientes hechos tr\u00e1gicos en su familia; tambi\u00e9n, porque sus hermanos quieren seguir gobernando Ejutla de Crespo.<\/p>\n\n\n\n<p>De Alejandra Garc\u00eda Morl\u00e1n, tuvo una intensa campa\u00f1a en busca de la presidencia municipal de Ju\u00e1rez, pero una vez que no lo logr\u00f3, la silenciaron con promesas monetarias y de beneficio para sus familiares, y call\u00f3; tambi\u00e9n cay\u00f3.<\/p>\n\n\n\n<p>\u00bfQu\u00e9 de Benjam\u00edn Robles Montoya? Una vez senador, una vez diputado federal, quiere repetir en el cargo, intent\u00f3 meter a su hijo como legislador, logr\u00f3 que su esposa fuera tambi\u00e9n diputada federal, y busca adem\u00e1s repetir. <\/p>\n\n\n\n<p>Es decir, el beneficio s\u00f3lo para su familia. No hay, en absoluto, ning\u00fan resultado en su gesti\u00f3n para los oaxaque\u00f1os, m\u00e1s que servirse ahora del ayuntamiento de Santa Luc\u00eda del Camino, desde donde catapulta su reelecci\u00f3n.<\/p>\n\n\n\n<p>Por cierto, su casa de campa\u00f1a es un domicilio particular del edil Dante Monta\u00f1o Montero, ubicada en la primera calle de Calicanto, colonia del Bosque, que fue remodelada con recursos p\u00fablicos y antes funcion\u00f3 como oficinas contables de Santa Luc\u00eda.<\/p>\n\n\n\n<p>\u00bfQu\u00e9 de Maribel Mart\u00ednez? S\u00f3lo fotos con un grupo de mujeres para reprobar la violencia de g\u00e9nero; \u00bfy la aguerrida ex bur\u00f3crata Margarita Garc\u00eda? Desde que le gust\u00f3 las mieles del poder, primero como diputada federal no se le ha visto en su zona.<\/p>\n\n\n\n<p>\u00bfLAS OPCIONES?<\/p>\n\n\n\n<p>Y as\u00ed quiere repetir la mayor\u00eda en el cargo; as\u00ed quieren el voto ciudadano para servirse del presupuesto, de los viajes, de los roces nacionales e internacionales\u2026 mientras tanto, Oaxaca que siga sumida en la pobreza, con presupuestos cada vez m\u00e1s insuficientes.<\/p>\n\n\n\n<p>Para enfrentar la \u00e9lite morenista, que se ha enquistado en el poder y no quiere dejar los enormes privilegios, en este proceso electoral actual, surgi\u00f3 una alianza in\u00e9dita, del PRI con el PRD y el PAN.<\/p>\n\n\n\n<p>De esas fuerzas, hay muy poco que rescatar, por no decir casi nada. Jos\u00e9 Antonio Hern\u00e1ndez Fraguas, priista, por el distrito VIII con cabecera en Oaxaca de Ju\u00e1rez, que podr\u00eda dar la sorpresa, pues realiza un trabajo a ras de tierra, con Mariana Nassar.<\/p>\n\n\n\n<p>En lo dem\u00e1s, ni por asomo; viejas caras, viejas pr\u00e1cticas, viejas ma\u00f1as, las de C\u00e1ndido Coheto Mart\u00ednez, de Antonio Amaro Cancino, de Carmelita Ric\u00e1rdez Vela, de Yolanda L\u00f3pez Mart\u00ednez\u2026 Con estas cartas, jam\u00e1s dar\u00e1n una sorpresa pol\u00edtica.<\/p>\n\n\n\n<p>Por cierto, campa\u00f1as priistas encabezadas y promovidas por Alejandro Avil\u00e9s \u2013-que por tercera ocasi\u00f3n quiere ser diputado local&#8211;, en lugar de Eviel P\u00e9rez Maga\u00f1a, quien ha quedado opacado desde el primer d\u00eda en que asumi\u00f3 el cargo de dirigente estatal de los priistas.<\/p>\n\n\n\n<p>\u00bfDe los dem\u00e1s? Quiz\u00e1 Karla Gabriela Jim\u00e9nez, por el Partido Fuerza Por M\u00e9xico, pero se le vio s\u00f3lo cuando inici\u00f3 la campa\u00f1a pol\u00edtica, por un supuesto acto de violencia; despu\u00e9s desapareci\u00f3 y poco o nada se sabe de su proselitismo.<\/p>\n\n\n\n<p>Una que s\u00ed se ve, pero por los excesivos recursos financieros para su campa\u00f1a, es Lizeth Z\u00e1rate; sin embargo, no tiene absolutamente ninguna posibilidad y su dinero se va al ca\u00f1o.<\/p>\n\n\n\n<p>Dinero, por cierto, presuntamente de las empresas de su esposo Alfonso Esparza, que en sociedad con No\u00e9 Lagunas y Alejandro Avil\u00e9s, han logrado presuntamente con desfalcos a diversos ayuntamientos.<\/p>\n\n\n\n<p>\u00bfBuscan realmente los actuales y pr\u00f3ximos legisladores federales el rescate y desarrollo de Oaxaca? No, en absoluto; los aspirantes de todos los colores y todas las creencias, s\u00f3lo seguir viviendo a costa del erario y de los oaxaque\u00f1os\u2026 y por supuesto hacer negocios personales.<\/p>\n","protected":false},"excerpt":{"rendered":"<p>Ismael Garc\u00eda M.\/Zona Roja. Oaxaca de Ju\u00e1rez, Oax., 3 de mayo de 2021.- \u00bfUsted conoce&hellip;<\/p>\n","protected":false},"author":2,"featured_media":7610,"comment_status":"closed","ping_status":"open","sticky":false,"template":"","format":"standard","meta":{"_lmt_disableupdate":"","_lmt_disable":"","_jetpack_memberships_contains_paid_content":false,"footnotes":""},"categories":[456,109,48],"tags":[1353],"class_list":["post-26732","post","type-post","status-publish","format-standard","has-post-thumbnail","hentry","category-columna","category-minuto-a-minuto","category-zona-critica","tag-opinion-zona-critica"],"jetpack_featured_media_url":"https:\/\/zonaroja.com.mx\/wp-content\/uploads\/2020\/01\/Opini\u00f3n-Zona-Cr\u00edtica.jpg","jetpack_sharing_enabled":true,"_links":{"self":[{"href":"https:\/\/zonaroja.com.mx\/index.php?rest_route=\/wp\/v2\/posts\/26732","targetHints":{"allow":["GET"]}}],"collection":[{"href":"https:\/\/zonaroja.com.mx\/index.php?rest_route=\/wp\/v2\/posts"}],"about":[{"href":"https:\/\/zonaroja.com.mx\/index.php?rest_route=\/wp\/v2\/types\/post"}],"author":[{"embeddable":true,"href":"https:\/\/zonaroja.com.mx\/index.php?rest_route=\/wp\/v2\/users\/2"}],"replies":[{"embeddable":true,"href":"https:\/\/zonaroja.com.mx\/index.php?rest_route=%2Fwp%2Fv2%2Fcomments&post=26732"}],"version-history":[{"count":1,"href":"https:\/\/zonaroja.com.mx\/index.php?rest_route=\/wp\/v2\/posts\/26732\/revisions"}],"predecessor-version":[{"id":26733,"href":"https:\/\/zonaroja.com.mx\/index.php?rest_route=\/wp\/v2\/posts\/26732\/revisions\/26733"}],"wp:featuredmedia":[{"embeddable":true,"href":"https:\/\/zonaroja.com.mx\/index.php?rest_route=\/wp\/v2\/media\/7610"}],"wp:attachment":[{"href":"https:\/\/zonaroja.com.mx\/index.php?rest_route=%2Fwp%2Fv2%2Fmedia&parent=26732"}],"wp:term":[{"taxonomy":"category","embeddable":true,"href":"https:\/\/zonaroja.com.mx\/index.php?rest_route=%2Fwp%2Fv2%2Fcategories&post=26732"},{"taxonomy":"post_tag","embeddable":true,"href":"https:\/\/zonaroja.com.mx\/index.php?rest_route=%2Fwp%2Fv2%2Ftags&post=26732"}],"curies":[{"name":"wp","href":"https:\/\/api.w.org\/{rel}","templated":true}]}}