{"id":26734,"date":"2021-05-03T08:32:47","date_gmt":"2021-05-03T13:32:47","guid":{"rendered":"http:\/\/www.zonaroja.com.mx\/?p=26734"},"modified":"2021-05-03T08:32:51","modified_gmt":"2021-05-03T13:32:51","slug":"sin-equipo-de-proteccion-minimizando-pandemia-marquez-heine-recorrio-hospital-civil","status":"publish","type":"post","link":"https:\/\/zonaroja.com.mx\/?p=26734","title":{"rendered":"Sin equipo de protecci\u00f3n, minimizando pandemia, M\u00e1rquez Heine recorri\u00f3 Hospital Civil"},"content":{"rendered":"\n<p>Yuridiana Sosa\/Zona Roja.<\/p>\n\n\n\n<p>Oaxaca de Ju\u00e1rez, Oax., 3 de mayo de 2021.- Personal del Hospital Civil \u201cDr. Aurelio Valdivieso\u201d denunci\u00f3 que cuando a\u00fan era subsecretario de Salud de Oaxaca, Juan Carlos M\u00e1rquez Heine, recorri\u00f3 el nosocomio e ingres\u00f3 al \u00e1rea respiratoria sin equipo de protecci\u00f3n, pese a la contingencia de Covid-19.<\/p>\n\n\n\n<p>El m\u00e9dico Fliberto Cruz Vicente record\u00f3 que el ahora secretario de Salud de Oaxaca realiz\u00f3 un recorrido en el mes de octubre, para verificar las necesidades del hospital.<\/p>\n\n\n\n<p>Pero su visita dej\u00f3 en evidencia su falta de responsabilidad sanitaria y para cubrir las carencias en el nocosomio, que el fin de semana cerr\u00f3 de forma parcial el quir\u00f3fano al no contar con equipo ni insumos.<\/p>\n\n\n\n<p>Ante la manera en que M\u00e1rquez Heine realiz\u00f3 el recorrido, los trabajadores solicitaron a la direcci\u00f3n del Hospital una explicaci\u00f3n sobre dicho acto, en el que el personal fue testigo del recorrido por distintas \u00e1reas, sin limpieza ni protecci\u00f3n, al pasar de un espacio a otro.<\/p>\n\n\n\n<p>Ahora como secretario, apunt\u00f3 Cruz Vicente, Juan Carlos M\u00e1rquez no ha vuelto a visitar el nosocomio, no ha resuelto las carencias de las que fue testigo padecen el personal y por lo tanto, la poblaci\u00f3n para una mejor atenci\u00f3n m\u00e9dica.<\/p>\n\n\n\n<p>El m\u00e9dico del \u00e1rea de Medicina Interna agreg\u00f3 que en esta zona del hospital tambi\u00e9n existen graves carencias, como la falta de equipo de aspiraci\u00f3n y gazas.<\/p>\n\n\n\n<p>El pasado 8 de diciembre del 2020, el Gobierno del Estado emiti\u00f3 un comunicado sobre la visita del subsecretario de los Servicios de Salud de Oaxaca (SSO), Juan Carlos M\u00e1rquez Heine, Hospital General \u201cDr. Aurelio Valdivieso\u201d.<\/p>\n\n\n\n<p>El comunicado es puntual: \u201cEl subsecretario escuch\u00f3 atento las necesidades m\u00e1s apremiantes de la unidad e indispensables para seguir otorgando servicios m\u00e9dicos de calidad a la poblaci\u00f3n; asimismo constat\u00f3 los avances de las obras de remodelaci\u00f3n del servicio de Medicina Interna ubicado en el segundo piso, dichas obras consisten en la renovaci\u00f3n de 33 tomas de gases medicinales (ox\u00edgeno) y cuatro espacios de aislamiento\u201d.<\/p>\n\n\n\n<p>Tambi\u00e9n visit\u00f3 el \u00e1rea donde funcionar\u00e1 un Centro de Equipos de Esterilizaci\u00f3n (Ceye); en contraste, la actual \u00e1rea atraviesa por un estado grave al no contar con los insumos ni equipo para esterilizar.<\/p>\n\n\n\n<p>Ahora el personal del Hospital exige que cumpla con las promesas y supuesto compromiso que realiz\u00f3 para garantizar la salud de los oaxaque\u00f1os.<\/p>\n","protected":false},"excerpt":{"rendered":"<p>Yuridiana Sosa\/Zona Roja. Oaxaca de Ju\u00e1rez, Oax., 3 de mayo de 2021.- Personal del Hospital&hellip;<\/p>\n","protected":false},"author":2,"featured_media":24202,"comment_status":"closed","ping_status":"open","sticky":false,"template":"","format":"standard","meta":{"_lmt_disableupdate":"","_lmt_disable":"","_jetpack_memberships_contains_paid_content":false,"footnotes":""},"categories":[109,47],"tags":[1701],"class_list":["post-26734","post","type-post","status-publish","format-standard","has-post-thumbnail","hentry","category-minuto-a-minuto","category-zona-gris","tag-juan-carlos-marquez-heine"],"jetpack_featured_media_url":"https:\/\/zonaroja.com.mx\/wp-content\/uploads\/2021\/03\/Juan-Carlos-Marquez-Heine.jpg","jetpack_sharing_enabled":true,"_links":{"self":[{"href":"https:\/\/zonaroja.com.mx\/index.php?rest_route=\/wp\/v2\/posts\/26734","targetHints":{"allow":["GET"]}}],"collection":[{"href":"https:\/\/zonaroja.com.mx\/index.php?rest_route=\/wp\/v2\/posts"}],"about":[{"href":"https:\/\/zonaroja.com.mx\/index.php?rest_route=\/wp\/v2\/types\/post"}],"author":[{"embeddable":true,"href":"https:\/\/zonaroja.com.mx\/index.php?rest_route=\/wp\/v2\/users\/2"}],"replies":[{"embeddable":true,"href":"https:\/\/zonaroja.com.mx\/index.php?rest_route=%2Fwp%2Fv2%2Fcomments&post=26734"}],"version-history":[{"count":1,"href":"https:\/\/zonaroja.com.mx\/index.php?rest_route=\/wp\/v2\/posts\/26734\/revisions"}],"predecessor-version":[{"id":26735,"href":"https:\/\/zonaroja.com.mx\/index.php?rest_route=\/wp\/v2\/posts\/26734\/revisions\/26735"}],"wp:featuredmedia":[{"embeddable":true,"href":"https:\/\/zonaroja.com.mx\/index.php?rest_route=\/wp\/v2\/media\/24202"}],"wp:attachment":[{"href":"https:\/\/zonaroja.com.mx\/index.php?rest_route=%2Fwp%2Fv2%2Fmedia&parent=26734"}],"wp:term":[{"taxonomy":"category","embeddable":true,"href":"https:\/\/zonaroja.com.mx\/index.php?rest_route=%2Fwp%2Fv2%2Fcategories&post=26734"},{"taxonomy":"post_tag","embeddable":true,"href":"https:\/\/zonaroja.com.mx\/index.php?rest_route=%2Fwp%2Fv2%2Ftags&post=26734"}],"curies":[{"name":"wp","href":"https:\/\/api.w.org\/{rel}","templated":true}]}}