{"id":26739,"date":"2021-05-03T08:41:00","date_gmt":"2021-05-03T13:41:00","guid":{"rendered":"http:\/\/www.zonaroja.com.mx\/?p=26739"},"modified":"2021-05-03T08:41:17","modified_gmt":"2021-05-03T13:41:17","slug":"entre-quejas-realizan-consulta-sobre-proyectos-de-desarrollo-para-el-istmo","status":"publish","type":"post","link":"https:\/\/zonaroja.com.mx\/?p=26739","title":{"rendered":"Entre quejas, realizan consulta sobre proyectos de desarrollo para el Istmo"},"content":{"rendered":"\n<p>Redacci\u00f3n\/Zona Roja.<\/p>\n\n\n\n<p>Oaxaca de Ju\u00e1rez, Oax., 3 de mayo del 2021.- En seguimiento al proceso de consulta previa, libre e informada, el gobierno federal llev\u00f3 a cabo asambleas informativas en Ciudad Ixtepec y Santa Mar\u00eda Mixtequilla, Oaxaca, para dar a conocer a los pueblos ind\u00edgenas la propuesta de los Polos de Desarrollo para el Bienestar, que forma parte del Programa para el Desarrollo del Istmo de Tehuantepec (Programa Istmo).<\/p>\n\n\n\n<p>En ambas sedes se cont\u00f3 con la participaci\u00f3n de representantes de instituciones de los tres \u00f3rdenes de gobierno; as\u00ed como de la Comisi\u00f3n Nacional de los Derechos Humanos (CNDH) y del Programa de las Naciones Unidas para el Desarrollo (PNUD), como observadores del proceso de di\u00e1logo. Tambi\u00e9n participaron int\u00e9rpretes de lengua binniz\u00e1, a fin de garantizar que la poblaci\u00f3n ind\u00edgena tenga acceso a la informaci\u00f3n con pertinencia cultural.<\/p>\n\n\n\n<p>En su funci\u00f3n de \u00f3rgano garante, la Secretar\u00eda de Gobernaci\u00f3n (Segob), a trav\u00e9s de la Subsecretar\u00eda de Desarrollo Democr\u00e1tico, Participaci\u00f3n Social y Asuntos Religiosos, foment\u00f3 la coordinaci\u00f3n institucional en las asambleas y canaliz\u00f3 peticiones ciudadanas a 17 dependencias y organismos federales.<\/p>\n\n\n\n<p>El Instituto Nacional de los Pueblos Ind\u00edgenas (INPI), \u00f3rgano t\u00e9cnico de la consulta, reiter\u00f3 el derecho de las comunidades a contar en todo momento con informaci\u00f3n sobre el proyecto, y asegur\u00f3 que el di\u00e1logo iniciado con el Gobierno de M\u00e9xico ser\u00e1 permanente y sin intermediarios.<\/p>\n\n\n\n<p>Por su parte, el Corredor Interoce\u00e1nico del Istmo de Tehuantepec (CIIT), instancia responsable del programa, inform\u00f3 las caracter\u00edsticas de los Polos de Desarrollo, sus implicaciones t\u00e9cnicas, beneficios sociales y posibles afectaciones.<\/p>\n\n\n\n<p>Explic\u00f3 la propuesta de instalar uno de los Polos de Desarrollo en Santa Mar\u00eda Mixtequilla, y otro en Ciudad Ixtepec, a un costado de la supercarretera Salina Cruz &#8211; La Ventosa. Con esto se busca generar espacios propicios para la actividad industrial, fortalecer la capacidad productiva y potenciar las actividades m\u00e1s adecuadas para la regi\u00f3n.<\/p>\n\n\n\n<p>CIUDAD IXTEPEC<\/p>\n\n\n\n<p>Durante la asamblea realizada en Ciudad Ixtepec, las y los asamble\u00edstas externaron su preocupaci\u00f3n por la necesidad de contemplar acciones para mitigar la contaminaci\u00f3n que ya existe en las cuencas h\u00eddricas de la regi\u00f3n, pues ante la instalaci\u00f3n de empresas temen un incremento en la demanda de agua. Adem\u00e1s, manifestaron sus dudas respecto al predio propuesto para el Polo de Desarrollo.<\/p>\n\n\n\n<p>Ante esto, el CIIT asegur\u00f3 que, si las comunidades deciden la aprobaci\u00f3n del proyecto, se realizar\u00e1n los estudios necesarios para mejorar el sistema de drenaje, la calidad del agua y atender las necesidades de los servicios que se requieran para su implementaci\u00f3n.<\/p>\n\n\n\n<p>Destac\u00f3 tambi\u00e9n que se estudiaron las mejores ubicaciones en la regi\u00f3n, con el objetivo de cumplir con las caracter\u00edsticas necesarias para el desarrollo industrial; explic\u00f3 que el ordenamiento territorial se deber\u00e1 actualizar con miras al crecimiento natural del municipio y al establecimiento del Polo de Desarrollo.<\/p>\n\n\n\n<p>Los representantes comunitarios expusieron que se debe resarcir la deuda hist\u00f3rica que el Estado tiene con los pueblos ind\u00edgenas desde la \u00e9poca de la Conquista, a fin de reducir las brechas de desigualdad y pobreza que existen.<\/p>\n\n\n\n<p>Expresaron sus inquietudes sobre los beneficios tangibles para las comunidades del Istmo de Tehuantepec, y aseguraron que se debe ponderar el bienestar social y evitar que la actividad industrial contamine el ambiente o utilice productos qu\u00edmicos da\u00f1inos, por lo que plantearon que, de aprobarse, el programa deber\u00e1 privilegiar a empresas con beneficios sociales e inversiones equilibradas que generen empleos e involucren a las comunidades en las cadenas productivas.<\/p>\n\n\n\n<p>Las y los representantes ind\u00edgenas hicieron un llamado a dialogar este proyecto en sus comunidades y con sus familias, a fin de desahogar la fase deliberativa, y plantearon realizar la asamblea consultiva el pr\u00f3ximo 15 de mayo, donde emitir\u00e1n su decisi\u00f3n sobre el proyecto.<\/p>\n\n\n\n<p>SANTA MAR\u00cdA MIXTEQUILLA<\/p>\n\n\n\n<p>En la segunda asamblea informativa realizada en la comunidad de Santa Mar\u00eda Mixtequilla, los representantes ind\u00edgenas propusieron crear un comit\u00e9 de seguimiento y evaluaci\u00f3n de las propias comunidades que sea garante de los aspectos relacionados a la contrataci\u00f3n de personal de la propia comunidad, as\u00ed como del seguimiento de los acuerdos generados. Esta propuesta se plasm\u00f3 dentro del acta para ser considerada en la etapa deliberativa.<\/p>\n\n\n\n<p>El CIIT coment\u00f3 que es importante el seguimiento a los procesos de instalaci\u00f3n y desarrollo; por ello, se contemplan reglas claras para los Polos de Desarrollo y las empresas que se instalen. Afirm\u00f3 que se realizar\u00e1n los estudios necesarios y en todo momento se respetar\u00e1 la normatividad aplicable.<\/p>\n\n\n\n<p>La asamblea consider\u00f3 necesario continuar la difusi\u00f3n de la informaci\u00f3n referente al proyecto del Polo de Desarrollo, con la finalidad de que llegue a todas las personas que ser\u00e1n beneficiadas con esta acci\u00f3n, y acordaron continuar con la etapa consultiva del proceso el pr\u00f3ximo domingo 16 de mayo.<\/p>\n","protected":false},"excerpt":{"rendered":"<p>Redacci\u00f3n\/Zona Roja. Oaxaca de Ju\u00e1rez, Oax., 3 de mayo del 2021.- En seguimiento al proceso&hellip;<\/p>\n","protected":false},"author":2,"featured_media":26740,"comment_status":"closed","ping_status":"open","sticky":false,"template":"","format":"standard","meta":{"_lmt_disableupdate":"","_lmt_disable":"","_jetpack_memberships_contains_paid_content":false,"footnotes":""},"categories":[109,46],"tags":[2649],"class_list":["post-26739","post","type-post","status-publish","format-standard","has-post-thumbnail","hentry","category-minuto-a-minuto","category-zona-blanca","tag-consulta-pueblos-indigenas-oaxaca"],"jetpack_featured_media_url":"https:\/\/zonaroja.com.mx\/wp-content\/uploads\/2021\/05\/Consulta-Istmo-de-Tehuantepec.jpg","jetpack_sharing_enabled":true,"_links":{"self":[{"href":"https:\/\/zonaroja.com.mx\/index.php?rest_route=\/wp\/v2\/posts\/26739","targetHints":{"allow":["GET"]}}],"collection":[{"href":"https:\/\/zonaroja.com.mx\/index.php?rest_route=\/wp\/v2\/posts"}],"about":[{"href":"https:\/\/zonaroja.com.mx\/index.php?rest_route=\/wp\/v2\/types\/post"}],"author":[{"embeddable":true,"href":"https:\/\/zonaroja.com.mx\/index.php?rest_route=\/wp\/v2\/users\/2"}],"replies":[{"embeddable":true,"href":"https:\/\/zonaroja.com.mx\/index.php?rest_route=%2Fwp%2Fv2%2Fcomments&post=26739"}],"version-history":[{"count":1,"href":"https:\/\/zonaroja.com.mx\/index.php?rest_route=\/wp\/v2\/posts\/26739\/revisions"}],"predecessor-version":[{"id":26741,"href":"https:\/\/zonaroja.com.mx\/index.php?rest_route=\/wp\/v2\/posts\/26739\/revisions\/26741"}],"wp:featuredmedia":[{"embeddable":true,"href":"https:\/\/zonaroja.com.mx\/index.php?rest_route=\/wp\/v2\/media\/26740"}],"wp:attachment":[{"href":"https:\/\/zonaroja.com.mx\/index.php?rest_route=%2Fwp%2Fv2%2Fmedia&parent=26739"}],"wp:term":[{"taxonomy":"category","embeddable":true,"href":"https:\/\/zonaroja.com.mx\/index.php?rest_route=%2Fwp%2Fv2%2Fcategories&post=26739"},{"taxonomy":"post_tag","embeddable":true,"href":"https:\/\/zonaroja.com.mx\/index.php?rest_route=%2Fwp%2Fv2%2Ftags&post=26739"}],"curies":[{"name":"wp","href":"https:\/\/api.w.org\/{rel}","templated":true}]}}