{"id":2674,"date":"2019-07-31T11:31:26","date_gmt":"2019-07-31T16:31:26","guid":{"rendered":"https:\/\/www.zonaroja.com.mx\/?p=2674"},"modified":"2019-07-31T17:49:45","modified_gmt":"2019-07-31T22:49:45","slug":"se-quejan-transportistas-de-inseguridad-en-carreteras-de-oaxaca","status":"publish","type":"post","link":"https:\/\/zonaroja.com.mx\/?p=2674","title":{"rendered":"Se quejan transportistas de inseguridad en carreteras de Oaxaca"},"content":{"rendered":"<p><img decoding=\"async\" src=\"https:\/\/www.zonaroja.com.mx\/wp-content\/uploads\/2019\/07\/6fd9f307-6131-4e59-bff0-1a686d0091c0.jpg\" class=\"size-full wp-image-2673\" width=\"1280\" height=\"722\" srcset=\"https:\/\/zonaroja.com.mx\/wp-content\/uploads\/2019\/07\/6fd9f307-6131-4e59-bff0-1a686d0091c0.jpg 1280w, https:\/\/zonaroja.com.mx\/wp-content\/uploads\/2019\/07\/6fd9f307-6131-4e59-bff0-1a686d0091c0-300x169.jpg 300w, https:\/\/zonaroja.com.mx\/wp-content\/uploads\/2019\/07\/6fd9f307-6131-4e59-bff0-1a686d0091c0-768x433.jpg 768w, https:\/\/zonaroja.com.mx\/wp-content\/uploads\/2019\/07\/6fd9f307-6131-4e59-bff0-1a686d0091c0-1024x578.jpg 1024w, https:\/\/zonaroja.com.mx\/wp-content\/uploads\/2019\/07\/6fd9f307-6131-4e59-bff0-1a686d0091c0-1170x660.jpg 1170w, https:\/\/zonaroja.com.mx\/wp-content\/uploads\/2019\/07\/6fd9f307-6131-4e59-bff0-1a686d0091c0-585x330.jpg 585w\" sizes=\"(max-width: 1280px) 100vw, 1280px\" \/><\/p>\n<p><span lang=\"ES\" style=\"font-family: Arial\">Evlin Arag\u00f3n<\/span><\/p>\n<p>Oaxaca<span lang=\"ES\" style=\"font-family: Arial\"> de <\/span>Ju\u00e1rez<span lang=\"ES\" style=\"font-family: Arial\">, Oax., 31 de julio de 2019.- Ante la creciente violencia que se registra en carreteras de Oaxaca, este mi\u00e9rcoles transportistas de carga protestan de manera pac\u00edfica al poniente de la ciudad capital, en inmediaciones del crucero de Trinidad de Viguera, a la entrada de la entidad procedentes de Puebla y la Ciudad de M\u00e9xico.<\/span><\/p>\n<p><span lang=\"ES\" style=\"font-family: Arial\">De acuerdo con Josu\u00e9 Fern\u00e1ndez Zavaleta, representante de la Uni\u00f3n de Transportistas de Oaxaca, las distintas empresas y sus trabajadores est\u00e1n cansados de los robos y asesinatos que de forma cotidiana se dan en el \u201c<\/span>tri\u00e1ngulo<span lang=\"ES\" style=\"font-family: Arial\"> rojo\u201d, como han llamado a la zona conformada por la autopista Cuacnopalan-Oaxaca, Tecamachalco, Acatzingo, estos \u00faltimos pertenecientes al estado vecino de Puebla.<\/span><\/p>\n<p><span lang=\"ES\" style=\"font-family: Arial\">Durante la protesta, programada para todo el d\u00eda, pidieron la presencia de elementos de seguridad de car\u00e1cter federal en las carreteras oaxaque\u00f1as ya que el crimen organizado no se conforma con robar las unidades y ahora tira a matar a los transportistas.<\/span><\/p>\n<p><span lang=\"ES\" style=\"font-family: Arial\">\u201cLos rateros nos tiran a matar, ya no solo nos roban la unidad, ya nos tiran a matar, por eso estamos aqu\u00ed, y lo \u00fanico que pedimos es seguridad para nosotros\u201d, dijo Fern\u00e1ndez Zavaleta ante los medios de comunicaci\u00f3n.&nbsp;<\/span><\/p>\n<p><span lang=\"ES\" style=\"font-family: Arial\">Explic\u00f3 que a sabiendas de que las y los habitantes de Oaxaca est\u00e1n hartos de los bloqueos, decidieron s\u00f3lo hacer presencia en uno de los principales acceso a la capital, ello con la finalidad de obtener audiencia con las autoridades estatales y federales para exponer la problem\u00e1tica.<\/span><\/p>\n<p><span lang=\"ES\" style=\"font-family: Arial\">\u201cEl d\u00eda de ayer balacearon a una unidad, no vino hoy porque se encuentra en reparaci\u00f3n, pero tiene dos impactos de bala en el parabrisas. Ya no sabemos si vamos a regresar a nuestra casas con tanta violencia que se registra en las carreteras\u201d, asinti\u00f3.&nbsp;<\/span><\/p>\n<p><span lang=\"ES\" style=\"font-family: Arial\">Otro grupo de transportistas hace lo propio en inmediaciones de Tehuac\u00e1n, Puebla, debido a que los actos violentos se registran en las inmediaciones de ambos estados, por lo que tambi\u00e9n piden atenci\u00f3n en materia de seguridad por parte de las autoridades del lugar.<\/span><\/p>\n","protected":false},"excerpt":{"rendered":"<p>Evlin Arag\u00f3n Oaxaca de Ju\u00e1rez, Oax., 31 de julio de 2019.- Ante la creciente violencia&hellip;<\/p>\n","protected":false},"author":2,"featured_media":2673,"comment_status":"closed","ping_status":"open","sticky":false,"template":"","format":"standard","meta":{"_lmt_disableupdate":"","_lmt_disable":"","_jetpack_memberships_contains_paid_content":false,"footnotes":""},"categories":[109,51],"tags":[],"class_list":["post-2674","post","type-post","status-publish","format-standard","has-post-thumbnail","hentry","category-minuto-a-minuto","category-zona-roja"],"jetpack_featured_media_url":"https:\/\/zonaroja.com.mx\/wp-content\/uploads\/2019\/07\/6fd9f307-6131-4e59-bff0-1a686d0091c0.jpg","jetpack_sharing_enabled":true,"_links":{"self":[{"href":"https:\/\/zonaroja.com.mx\/index.php?rest_route=\/wp\/v2\/posts\/2674","targetHints":{"allow":["GET"]}}],"collection":[{"href":"https:\/\/zonaroja.com.mx\/index.php?rest_route=\/wp\/v2\/posts"}],"about":[{"href":"https:\/\/zonaroja.com.mx\/index.php?rest_route=\/wp\/v2\/types\/post"}],"author":[{"embeddable":true,"href":"https:\/\/zonaroja.com.mx\/index.php?rest_route=\/wp\/v2\/users\/2"}],"replies":[{"embeddable":true,"href":"https:\/\/zonaroja.com.mx\/index.php?rest_route=%2Fwp%2Fv2%2Fcomments&post=2674"}],"version-history":[{"count":2,"href":"https:\/\/zonaroja.com.mx\/index.php?rest_route=\/wp\/v2\/posts\/2674\/revisions"}],"predecessor-version":[{"id":2679,"href":"https:\/\/zonaroja.com.mx\/index.php?rest_route=\/wp\/v2\/posts\/2674\/revisions\/2679"}],"wp:featuredmedia":[{"embeddable":true,"href":"https:\/\/zonaroja.com.mx\/index.php?rest_route=\/wp\/v2\/media\/2673"}],"wp:attachment":[{"href":"https:\/\/zonaroja.com.mx\/index.php?rest_route=%2Fwp%2Fv2%2Fmedia&parent=2674"}],"wp:term":[{"taxonomy":"category","embeddable":true,"href":"https:\/\/zonaroja.com.mx\/index.php?rest_route=%2Fwp%2Fv2%2Fcategories&post=2674"},{"taxonomy":"post_tag","embeddable":true,"href":"https:\/\/zonaroja.com.mx\/index.php?rest_route=%2Fwp%2Fv2%2Ftags&post=2674"}],"curies":[{"name":"wp","href":"https:\/\/api.w.org\/{rel}","templated":true}]}}