{"id":26742,"date":"2021-05-03T14:35:18","date_gmt":"2021-05-03T19:35:18","guid":{"rendered":"http:\/\/www.zonaroja.com.mx\/?p=26742"},"modified":"2021-05-03T14:35:22","modified_gmt":"2021-05-03T19:35:22","slug":"a-un-punto-de-cumplirse-tres-anos-del-asesinato-de-maria-del-sol-justicia-ausente","status":"publish","type":"post","link":"https:\/\/zonaroja.com.mx\/?p=26742","title":{"rendered":"A un punto de cumplirse tres a\u00f1os del asesinato de Mar\u00eda del Sol, justicia ausente"},"content":{"rendered":"\n<p>Evlin Arag\u00f3n\/Zona Roja.<\/p>\n\n\n\n<p>Oaxaca de Ju\u00e1rez, Oax., 3 de mayo de 2021.- Son 35 meses los que han pasado desde aquel 2 de junio del 2018, en el que un ataque armado termin\u00f3 con la vida de la fot\u00f3grafa Mar\u00eda del Sol Cruz Jarqu\u00edn. Pese a los m\u00faltiples llamados, la justicia a\u00fan no llega para la familia.&nbsp;<\/p>\n\n\n\n<p>Despu\u00e9s de meses de lucha por parte de la periodista Soledad Jarqu\u00edn Edgar, madre de la joven, apenas el pasado14 de abril se llev\u00f3 a cabo la audiencia intermedia y con ello se dio inicio a la etapa de juicio, ante el Tribunal del Poder Judicial, en contra Jos\u00e9 Eduardo H.C., \u00fanico detenido por el delito de homicidio calificado.<\/p>\n\n\n\n<p>La dilaci\u00f3n en el caso responde a la mala actuaci\u00f3n, incluso dolosa, del ex fiscal Rub\u00e9n Vasconcelos M\u00e9ndez, quien se dedic\u00f3 a proteger a los hermanos Montero L\u00f3pez, se\u00f1alados como responsables de que Mar\u00eda del Sol estuviera en el lugar de los hechos.&nbsp;<\/p>\n\n\n\n<p>Y es que fue Francisco Montero L\u00f3pez quien, en su calidad de titular de la Secretar\u00eda de Asuntos Ind\u00edgenas e incurriendo en la ley, envi\u00f3 a la joven fot\u00f3grafa a Juchit\u00e1n para cubrir la campa\u00f1a pol\u00edtica de su hermano Hageo. Lo anterior debido a que Mar\u00eda del Sol se desempe\u00f1aba como empleada de la dependencia.<\/p>\n\n\n\n<p>Pese a incurrir en un delito electoral y sacar provecho al hacer uso de recursos p\u00fablicos, humanos y materiales, de la que era titular, Francisco Montero no ha sido sancionado hasta el momento por el gobernador de Oaxaca, Alejandro Murat Hinojosa, tal y como lo dictaminaron las autoridades federales.<\/p>\n\n\n\n<p>Como lo han hecho p\u00fablico, por el caso de Mar\u00eda del Sol hay tres carpetas de investigaci\u00f3n ante la Fiscal\u00eda General del Estado de Oaxaca, la primera de ellas por el asesinato de la joven, la segunda por delitos electorales, ya que la joven fue obligada a cubrir la campa\u00f1a pol\u00edtica, y la \u00faltima por el robo del equipo fotogr\u00e1fico y de c\u00f3mputo propiedad de la joven fot\u00f3grafa, todas sin ning\u00fan tipo de respuesta.<\/p>\n\n\n\n<p>Tambi\u00e9n hay pendientes en otras instancias como la Fiscal\u00eda Especializada en Delitos Electorales, el Tribunal de Justicia Administrativa, la Secretar\u00eda de Finanzas y el propio Ejecutivo estatal, que han evadido su responsabilidad y no han cumplido con la parte que les corresponde para brindar justicia a Mar\u00eda del Sol.<\/p>\n\n\n\n<p>Por todas las deficiencias presentadas por la autoridad encargada de la procuraci\u00f3n de justicia e independientemente de lo resultados del juicio, Soledad Jarqu\u00edn reactivar\u00e1 las denuncias que previamente, en el 2019, interpuso ante la Fiscal\u00eda Anticorrupci\u00f3n en contra del ex fiscal, quien considera debe ir a juicio; adem\u00e1s que analizan la ruta para llevar el caso.<\/p>\n\n\n\n<p>Mientras que la abogada feminista Yesica S\u00e1nchez Maya asegur\u00f3 que el caso de Mar\u00eda del Sol Cruz Jarqu\u00edn cuenta con los elementos suficientes para presentarlo en instancias internacionales como un referente de lo que no deben de hacer las instancias de procuraci\u00f3n de justicia, que en el caso de Oaxaca lejos de actuar a favor, lo hacen en detrimento de las v\u00edctimas de feminicidio.<\/p>\n\n\n\n<p>Por el caso, se han pronunciado instancias internacionales y cientos de activistas en M\u00e9xico y otras partes del mundo, quienes piden una sola cosa, justicia para Sol.&nbsp;<\/p>\n","protected":false},"excerpt":{"rendered":"<p>Evlin Arag\u00f3n\/Zona Roja. Oaxaca de Ju\u00e1rez, Oax., 3 de mayo de 2021.- Son 35 meses&hellip;<\/p>\n","protected":false},"author":2,"featured_media":7446,"comment_status":"closed","ping_status":"open","sticky":false,"template":"","format":"standard","meta":{"_lmt_disableupdate":"","_lmt_disable":"","_jetpack_memberships_contains_paid_content":false,"footnotes":""},"categories":[109,47],"tags":[1059],"class_list":["post-26742","post","type-post","status-publish","format-standard","has-post-thumbnail","hentry","category-minuto-a-minuto","category-zona-gris","tag-maria-del-sol-cruz-jarquin"],"jetpack_featured_media_url":"https:\/\/zonaroja.com.mx\/wp-content\/uploads\/2020\/01\/Mar\u00eda-del-Sol-Cruz-Jarqu\u00edn.jpg","jetpack_sharing_enabled":true,"_links":{"self":[{"href":"https:\/\/zonaroja.com.mx\/index.php?rest_route=\/wp\/v2\/posts\/26742","targetHints":{"allow":["GET"]}}],"collection":[{"href":"https:\/\/zonaroja.com.mx\/index.php?rest_route=\/wp\/v2\/posts"}],"about":[{"href":"https:\/\/zonaroja.com.mx\/index.php?rest_route=\/wp\/v2\/types\/post"}],"author":[{"embeddable":true,"href":"https:\/\/zonaroja.com.mx\/index.php?rest_route=\/wp\/v2\/users\/2"}],"replies":[{"embeddable":true,"href":"https:\/\/zonaroja.com.mx\/index.php?rest_route=%2Fwp%2Fv2%2Fcomments&post=26742"}],"version-history":[{"count":1,"href":"https:\/\/zonaroja.com.mx\/index.php?rest_route=\/wp\/v2\/posts\/26742\/revisions"}],"predecessor-version":[{"id":26743,"href":"https:\/\/zonaroja.com.mx\/index.php?rest_route=\/wp\/v2\/posts\/26742\/revisions\/26743"}],"wp:featuredmedia":[{"embeddable":true,"href":"https:\/\/zonaroja.com.mx\/index.php?rest_route=\/wp\/v2\/media\/7446"}],"wp:attachment":[{"href":"https:\/\/zonaroja.com.mx\/index.php?rest_route=%2Fwp%2Fv2%2Fmedia&parent=26742"}],"wp:term":[{"taxonomy":"category","embeddable":true,"href":"https:\/\/zonaroja.com.mx\/index.php?rest_route=%2Fwp%2Fv2%2Fcategories&post=26742"},{"taxonomy":"post_tag","embeddable":true,"href":"https:\/\/zonaroja.com.mx\/index.php?rest_route=%2Fwp%2Fv2%2Ftags&post=26742"}],"curies":[{"name":"wp","href":"https:\/\/api.w.org\/{rel}","templated":true}]}}