{"id":26744,"date":"2021-05-03T16:10:49","date_gmt":"2021-05-03T21:10:49","guid":{"rendered":"http:\/\/www.zonaroja.com.mx\/?p=26744"},"modified":"2021-05-03T16:10:55","modified_gmt":"2021-05-03T21:10:55","slug":"asegura-sola-de-vega-lo-invaden-comunidades-vecinas-hay-omision-de-autoridades","status":"publish","type":"post","link":"https:\/\/zonaroja.com.mx\/?p=26744","title":{"rendered":"Asegura Sola de Vega lo invaden comunidades vecinas; hay omisi\u00f3n de autoridades"},"content":{"rendered":"\n<p>Yuridiana Sosa\/Zona Roja.<\/p>\n\n\n\n<p>Oaxaca de Ju\u00e1rez, Oax., 3 de mayo de 2021.- Autoridades agrarias de Villa Sola de Vega solicitaron una tregua con sus vecinos de Santa Mar\u00eda Sola y San Lorenzo Texmelucan, para evitar m\u00e1s hechos violentos por la disputa de l\u00edmites, que ha dejado siete personas fallecidas.<\/p>\n\n\n\n<p>El l\u00edo de tierras con ambas comunidades data de al menos 50 a\u00f1os, pero desde hace casi una d\u00e9cada, en 2012, se inici\u00f3 un expediente en el Tribunal Unitario Agrario para resolver sobre las limitaciones.<\/p>\n\n\n\n<p>Sin embargo, el abogado agrarista de Villa Sola de Vega, Antonio Garc\u00eda L\u00f3pez, se\u00f1al\u00f3 que las comunidades vecinas han manipulado algunos tr\u00e1mites para beneficiarse de invadir, lo que ha derivado actualmente en un problema social en el que ha prevalecido la intervenci\u00f3n oportuna de autoridades federales, estatales y del Congreso de Oaxaca para evitar lo que hab\u00edan advertido desde hace casi dos a\u00f1os.<\/p>\n\n\n\n<p>En conferencia de prensa, a 10 d\u00edas de los hechos violentos donde siete personas fallecieron, cinco de ellas de la comunidad El Guayabo de Villa Sola de Vega y dos de Santa Mar\u00eda Sola, el abogado en compa\u00f1\u00eda de Comisariado de Bienes Comunales explic\u00f3 el conflicto.<\/p>\n\n\n\n<p>En el a\u00f1o de 1971 a Villa Sola de Vega se le reconocen sus bienes comunales, pero en 2012 San Lorenzo y Santa Mar\u00eda impugnaron y se declar\u00f3 insubsistente el beneficio para Sola. Determin\u00e1ndose 11 mil 127 hect\u00e1reas de zona libre.<\/p>\n\n\n\n<p>Para el a\u00f1o 2016, al ejecutarse una sentencia para delimitar el pol\u00edgono, San Lorenzo Texmelucan manipul\u00f3 a la brigada de ejecuci\u00f3n para se\u00f1alar los puntos, invadiendo mil 476 hect\u00e1reas de Villa Sola de Vega, indic\u00f3 el abogado.<\/p>\n\n\n\n<p>Esto gener\u00f3 otro problema, pues algunos n\u00facleos agrarios administrados y pol\u00edticamente pertenecientes por Sola de Vega quedaron dentro de lo que San Lorenzo ahora pose\u00eda en raz\u00f3n agraria. Pero en mayo de 2020 las personas fueron desterradas de sus lugares de origen.<\/p>\n\n\n\n<figure class=\"wp-block-embed-twitter wp-block-embed is-type-rich is-provider-twitter\"><div class=\"wp-block-embed__wrapper\">\n<div class=\"twitter-tweet\"><blockquote class=\"twitter-tweet\" data-lang=\"es\"><p lang=\"es\" dir=\"ltr\"><a href=\"https:\/\/twitter.com\/hashtag\/ENVIVO?src=hash&amp;ref_src=twsrc%5Etfw\">#ENVIVO<\/a> <br>Oaxaca de Ju\u00e1rez, Oax., 3 de mayo de 2021.- Conferencia de prensa de comuneros de Villa de Sola de Vega, por el conflicto con Santa Mar\u00eda Sola. <br>Siga la transmisi\u00f3n:<br>\ud83d\udc47<a href=\"https:\/\/t.co\/gO8KKeZoWK\">https:\/\/t.co\/gO8KKeZoWK<\/a> <a href=\"https:\/\/t.co\/P1RTL9O1et\">pic.twitter.com\/P1RTL9O1et<\/a><\/p>&mdash; Zona Roja Oaxaca (@Zona_Roja_Oax) <a href=\"https:\/\/twitter.com\/Zona_Roja_Oax\/status\/1389274461510139906?ref_src=twsrc%5Etfw\">3 de mayo de 2021<\/a><\/blockquote><\/div>\n<\/div><\/figure>\n\n\n\n<p>\u201cLa problem\u00e1tica se ha violentado por la desatenci\u00f3n del gobierno federal, estatal. No hicieron caso a las autoridades agrarias y municipales, quienes hace casi dos a\u00f1os pidieron base mixta de seguridad en la regi\u00f3n para evitar hechos violentos\u201d, asever\u00f3 el abogado.<\/p>\n\n\n\n<p>Villa Sola de Vega interpuso un amparo indirecto por el despojo de m\u00e1s de mil hect\u00e1reas por San Lorenzo, pero esta comunidad continu\u00f3 con la apertura de caminos con m\u00e1s invasiones.<\/p>\n\n\n\n<p>En el expediente 1090\/2012 en el Tribunal Unitario Agrario, se ha ordenado que se llevan a cabo los trabajos t\u00e9cnicos e informativos para localizar el pol\u00edgono general de la zona de conflicto.<\/p>\n\n\n\n<p>Mientras que el problema con Santa Mar\u00eda Sola se increment\u00f3 porque esta comunidad indebidamente \u201cencim\u00f3\u201d planos de ambas comunidades, lo que tambi\u00e9n gener\u00f3 que comunidades como El Guayabo qued\u00f3 dentro de su pol\u00edgono, aunque tambi\u00e9n es administrada por Sola de Vega.<\/p>\n\n\n\n<p>Aunque no defini\u00f3 la cantidad de hect\u00e1reas arrebatadas, indic\u00f3 que las tierras eran ocupadas por Sola de Vega para la agricultura y encierro de ganado.<\/p>\n\n\n\n<p>LATENTE VIOLENCIA<\/p>\n\n\n\n<p>El abogado indic\u00f3 que Santa Mar\u00eda Sola sigue con las amenazas a las comunidades para que se desaparten de Villa Sola o los desalojar\u00e1n, por lo que demandan que el gobierno estatal no ignore el problema.<\/p>\n\n\n\n<p>Es por eso que demandaron a la Secretar\u00eda General de Gobierno (Segego) que establezca una tregua con las comunidades vecinas, para lo cual se ha convocado a una reuni\u00f3n para este martes 4 de mayo.<\/p>\n\n\n\n<p>La seguridad se ha establecido solo con algunos elementos de la Secretar\u00eda de Seguridad, pero falta mayor presencia con la Guardia Nacional.<\/p>\n","protected":false},"excerpt":{"rendered":"<p>Yuridiana Sosa\/Zona Roja. Oaxaca de Ju\u00e1rez, Oax., 3 de mayo de 2021.- Autoridades agrarias de&hellip;<\/p>\n","protected":false},"author":2,"featured_media":26745,"comment_status":"closed","ping_status":"open","sticky":false,"template":"","format":"standard","meta":{"_lmt_disableupdate":"","_lmt_disable":"","_jetpack_memberships_contains_paid_content":false,"footnotes":""},"categories":[109,47],"tags":[],"class_list":["post-26744","post","type-post","status-publish","format-standard","has-post-thumbnail","hentry","category-minuto-a-minuto","category-zona-gris"],"jetpack_featured_media_url":"https:\/\/zonaroja.com.mx\/wp-content\/uploads\/2021\/05\/Conferencia-Villa-Sola-de-Vega.jpg","jetpack_sharing_enabled":true,"_links":{"self":[{"href":"https:\/\/zonaroja.com.mx\/index.php?rest_route=\/wp\/v2\/posts\/26744","targetHints":{"allow":["GET"]}}],"collection":[{"href":"https:\/\/zonaroja.com.mx\/index.php?rest_route=\/wp\/v2\/posts"}],"about":[{"href":"https:\/\/zonaroja.com.mx\/index.php?rest_route=\/wp\/v2\/types\/post"}],"author":[{"embeddable":true,"href":"https:\/\/zonaroja.com.mx\/index.php?rest_route=\/wp\/v2\/users\/2"}],"replies":[{"embeddable":true,"href":"https:\/\/zonaroja.com.mx\/index.php?rest_route=%2Fwp%2Fv2%2Fcomments&post=26744"}],"version-history":[{"count":1,"href":"https:\/\/zonaroja.com.mx\/index.php?rest_route=\/wp\/v2\/posts\/26744\/revisions"}],"predecessor-version":[{"id":26746,"href":"https:\/\/zonaroja.com.mx\/index.php?rest_route=\/wp\/v2\/posts\/26744\/revisions\/26746"}],"wp:featuredmedia":[{"embeddable":true,"href":"https:\/\/zonaroja.com.mx\/index.php?rest_route=\/wp\/v2\/media\/26745"}],"wp:attachment":[{"href":"https:\/\/zonaroja.com.mx\/index.php?rest_route=%2Fwp%2Fv2%2Fmedia&parent=26744"}],"wp:term":[{"taxonomy":"category","embeddable":true,"href":"https:\/\/zonaroja.com.mx\/index.php?rest_route=%2Fwp%2Fv2%2Fcategories&post=26744"},{"taxonomy":"post_tag","embeddable":true,"href":"https:\/\/zonaroja.com.mx\/index.php?rest_route=%2Fwp%2Fv2%2Ftags&post=26744"}],"curies":[{"name":"wp","href":"https:\/\/api.w.org\/{rel}","templated":true}]}}