{"id":26747,"date":"2021-05-03T16:27:22","date_gmt":"2021-05-03T21:27:22","guid":{"rendered":"http:\/\/www.zonaroja.com.mx\/?p=26747"},"modified":"2021-05-03T16:27:26","modified_gmt":"2021-05-03T21:27:26","slug":"agresiones-a-mujeres-periodistas-son-el-35-de-quejas-en-2020-en-la-ddhpo","status":"publish","type":"post","link":"https:\/\/zonaroja.com.mx\/?p=26747","title":{"rendered":"Agresiones a mujeres periodistas son el 35% de quejas en 2020 en la DDHPO"},"content":{"rendered":"\n<p>Yuridiana Sosa\/Zona Roja.<\/p>\n\n\n\n<p>Oaxaca de Ju\u00e1rez, Oax., 3 de mayo de 202.- Las agresiones contra mujeres periodistas a nivel nacional, como en Oaxaca, se incrementa cada vez m\u00e1s, las cuales tambi\u00e9n se han diversificado por medio de las plataformas digitales, de acuerdo a datos ofrecidos hoy en la jornada de foros virtuales: \u00abDigitalizaci\u00f3n de la libertad de expresi\u00f3n\u00bb.<\/p>\n\n\n\n<p>Del a\u00f1o 2015 al 2021, la Defensor\u00eda de los Derechos Humanos del Pueblo de Oaxaca (DDHPO) ha acumulado 273 quejas de periodistas, de las que 51 son de forma espec\u00edfica de mujeres, pero que, en el \u00faltimo a\u00f1o, durante el 2020, se report\u00f3 el 35 por ciento de \u00e9stas, se\u00f1al\u00f3 el titular del organismo, Bernardo Rodr\u00edguez Alamilla.<\/p>\n\n\n\n<p>En la conmemoraci\u00f3n al D\u00eda Mundial de la Libertad de Prensa, el \u201combudsperson\u201d reconoci\u00f3 la labor del periodismo como una tarea fundamental para la construcci\u00f3n de sociedades democr\u00e1ticas.<\/p>\n\n\n\n<p>En el contexto nacional, sobre las violencias que enfrentan las mujeres reporteras en M\u00e9xico, Carolina Pacheco Luna, integrante del Observatorio Feminista de Derechos Digitales, expuso el cr\u00edtico panorama que actualmente se vive en el \u00e1mbito con relaci\u00f3n a la digitalizaci\u00f3n de la comunicaci\u00f3n.<\/p>\n\n\n\n<p>Datos de la Organizaci\u00f3n de las Naciones Unidas para la Educaci\u00f3n, la Ciencia y la Cultura (UNESCO) y del Programa Internacional para el Desarrollo de la Comunicaci\u00f3n (IPDC) se\u00f1alan que en el a\u00f1o 2021 las mujeres periodistas sufren m\u00e1s de la violencia econ\u00f3mica, pero a trav\u00e9s de la violencia digital reciben hasta 10 tipos de amenazas.<\/p>\n\n\n\n<p>La comunic\u00f3loga feminista precis\u00f3 que el 16 por ciento de la violencia reportada es la f\u00edsica; el 15 por ciento, sexual; 18 por ciento, psicol\u00f3gica; 19 por ciento es econ\u00f3mica; 13 por ciento, digital; siete por ciento es patrimonial y ocho por ciento feminicida.<\/p>\n\n\n\n<p>Mientras que la digital se ejecuta en un 19 por ciento por mensajes privados, 17 por ciento con lenguaje de odio; 11 por ciento con amenazas de afectar su reputaci\u00f3n, as\u00ed como de afectar su situaci\u00f3n profesional.<\/p>\n\n\n\n<p>As\u00ed tambi\u00e9n, el siete por ciento de las amenazas es con circular im\u00e1genes personales, hackeos; seis por ciento, espionaje; cinco por ciento son amenazas de violencia f\u00edsica, suplantaci\u00f3n de identidad; tres por ciento, de muerte y uno por ciento son amenazas de violencia sexual.<\/p>\n\n\n\n<p>Por medio del Observatorio Feminista de Derechos Digitales se ha detectado que son tres principales perfiles de mujeres que la violencia digital. Son mujeres que viven en una relaci\u00f3n \u00edntima de violencia, mujeres profesionales con perfil p\u00fablico que participan en espacios de comunicaci\u00f3n, como periodistas, investigadoras, activistas y artistas, as\u00ed como mujeres sobrevivientes de violencia f\u00edsica y sexual.<\/p>\n","protected":false},"excerpt":{"rendered":"<p>Yuridiana Sosa\/Zona Roja. Oaxaca de Ju\u00e1rez, Oax., 3 de mayo de 202.- Las agresiones contra&hellip;<\/p>\n","protected":false},"author":2,"featured_media":26748,"comment_status":"closed","ping_status":"open","sticky":false,"template":"","format":"standard","meta":{"_lmt_disableupdate":"","_lmt_disable":"","_jetpack_memberships_contains_paid_content":false,"footnotes":""},"categories":[109,47],"tags":[286],"class_list":["post-26747","post","type-post","status-publish","format-standard","has-post-thumbnail","hentry","category-minuto-a-minuto","category-zona-gris","tag-defensoria-de-los-derechos-humanos-del-pueblo-de-oaxaca"],"jetpack_featured_media_url":"https:\/\/zonaroja.com.mx\/wp-content\/uploads\/2021\/05\/Conferencia-en-linea-periodismo-DDHPO.jpg","jetpack_sharing_enabled":true,"_links":{"self":[{"href":"https:\/\/zonaroja.com.mx\/index.php?rest_route=\/wp\/v2\/posts\/26747","targetHints":{"allow":["GET"]}}],"collection":[{"href":"https:\/\/zonaroja.com.mx\/index.php?rest_route=\/wp\/v2\/posts"}],"about":[{"href":"https:\/\/zonaroja.com.mx\/index.php?rest_route=\/wp\/v2\/types\/post"}],"author":[{"embeddable":true,"href":"https:\/\/zonaroja.com.mx\/index.php?rest_route=\/wp\/v2\/users\/2"}],"replies":[{"embeddable":true,"href":"https:\/\/zonaroja.com.mx\/index.php?rest_route=%2Fwp%2Fv2%2Fcomments&post=26747"}],"version-history":[{"count":1,"href":"https:\/\/zonaroja.com.mx\/index.php?rest_route=\/wp\/v2\/posts\/26747\/revisions"}],"predecessor-version":[{"id":26749,"href":"https:\/\/zonaroja.com.mx\/index.php?rest_route=\/wp\/v2\/posts\/26747\/revisions\/26749"}],"wp:featuredmedia":[{"embeddable":true,"href":"https:\/\/zonaroja.com.mx\/index.php?rest_route=\/wp\/v2\/media\/26748"}],"wp:attachment":[{"href":"https:\/\/zonaroja.com.mx\/index.php?rest_route=%2Fwp%2Fv2%2Fmedia&parent=26747"}],"wp:term":[{"taxonomy":"category","embeddable":true,"href":"https:\/\/zonaroja.com.mx\/index.php?rest_route=%2Fwp%2Fv2%2Fcategories&post=26747"},{"taxonomy":"post_tag","embeddable":true,"href":"https:\/\/zonaroja.com.mx\/index.php?rest_route=%2Fwp%2Fv2%2Ftags&post=26747"}],"curies":[{"name":"wp","href":"https:\/\/api.w.org\/{rel}","templated":true}]}}