{"id":26750,"date":"2021-05-03T19:30:55","date_gmt":"2021-05-04T00:30:55","guid":{"rendered":"http:\/\/www.zonaroja.com.mx\/?p=26750"},"modified":"2021-05-03T19:31:01","modified_gmt":"2021-05-04T00:31:01","slug":"mujer-agredida-en-la-costa-acusa-tambien-violencia-digital-en-su-contra","status":"publish","type":"post","link":"https:\/\/zonaroja.com.mx\/?p=26750","title":{"rendered":"Mujer agredida en la Costa, acusa tambi\u00e9n violencia digital en su contra"},"content":{"rendered":"\n<p>Evlin Arag\u00f3n\/Zona Roja.<\/p>\n\n\n\n<p>Oaxaca de Ju\u00e1rez, Oax., 3 de mayo de 2021.- Lejos de obtener justicia por los ataques f\u00edsicos que enfrent\u00f3 el fin de semana pasado, Yara Gonzaga Guill\u00e9n, comunera de Llano Grande, localidad perteneciente al municipio de Santa Mar\u00eda Tonameca, denunci\u00f3 ser v\u00edctima de violencia de digital.&nbsp;<\/p>\n\n\n\n<p>Bajo el respaldo de la Asociaci\u00f3n de Mujeres de la Costa (AMCO), la Red Chimalli por los Derechos de Todas y Todos, y el Comit\u00e9 de Am\u00e9rica Latina y el Caribe para la Defensa de los Derechos de las Mujeres (Cladem), refiri\u00f3 que ya puso su denuncia ante la Fiscal\u00eda de San Pedro Pochutla, sin embargo, la violencia en su contra lejos de disminuir, aumenta.<\/p>\n\n\n\n<p>Lo anterior debido a que sus agresores: Antonio Merino Gonzaga, Aurelio Santos D\u00edaz, Claudio Pacheco Altamirano y Fernando Ruiz Gaspar, robaron su tel\u00e9fono y ahora utilizan la informaci\u00f3n para atacarla de manera cibern\u00e9tica, de ah\u00ed que mantiene su exigencia de justicia, ya que asegura los ataques en su contra no son justos.&nbsp;&nbsp;<\/p>\n\n\n\n<p>\u201cYo lo \u00fanico que pido es justicia. Yo creo que no es justo lo que me est\u00e1n haciendo esas personas porque tambi\u00e9n estoy sufriendo violencia cibern\u00e9tica. Ellos me robaron mi tel\u00e9fono y est\u00e1n exhibiendo mis videos, audio, todo. No es posible que esto quede impune\u201d, dijo.&nbsp;<\/p>\n\n\n\n<p>Por su parte, representantes de la Red Chimalli recordaron que la informaci\u00f3n que se encuentra al interior de los dispositivos m\u00f3viles no es p\u00fablica, de ah\u00ed que se est\u00e1 vulnerando el derecho a la intimidad de la comunera, por lo que pidieron medidas de protecci\u00f3n.&nbsp;<\/p>\n\n\n\n<p>\u201cYa sufri\u00f3 una agresi\u00f3n, seguramente la Fiscal\u00eda tipificar\u00e1 que delitos se perseguir\u00e1n con la primera agresi\u00f3n, pero tambi\u00e9n estamos viendo agresiones en la intimidad de su persona\u201d, manifest\u00f3 Norma Iris Santiago Hern\u00e1ndez, de la Red Chimalli.&nbsp;<\/p>\n\n\n\n<p>Mientras que Nely Mart\u00ednez, representante de Cladem, respald\u00f3 la denuncia de Yara y asegur\u00f3 que se debe actuar con todo el peso de la ley, de lo contrario sucede justamente lo que refiere la denunciante, la permanencia y aumento de la violencia en sus diversos tipos y \u00e1mbitos.&nbsp;<\/p>\n\n\n\n<p>De ah\u00ed que pidi\u00f3 la intervenci\u00f3n de las autoridades de manera pronta y expedita, quienes deben incluir la protecci\u00f3n de la v\u00edctima, para evitar siga siendo vulnerada.&nbsp;<\/p>\n\n\n\n<p>\u201cNo conformes con la agresi\u00f3n f\u00edsica ahora se ha encargado de utilizar la informaci\u00f3n que ella ten\u00eda en su tel\u00e9fono celular para amenazarla, amedrentarla y difamarla. Exigimos que las autoridades hagan su trabajo a fin de que se le brinden las medidas de protecci\u00f3n para garantizar su vida e integridad, as\u00ed como la de toda su familia\u201d, sentenci\u00f3.&nbsp;&nbsp;<\/p>\n\n\n\n<p>En Oaxaca, la violencia digital es un delito desde julio del 2019 e incluye sanciones desde cuatro a ocho a\u00f1os de prisi\u00f3n y multas de mil a dos mil veces el valor diario de la unidad de medida y actualizaci\u00f3n vigente.<\/p>\n","protected":false},"excerpt":{"rendered":"<p>Evlin Arag\u00f3n\/Zona Roja. Oaxaca de Ju\u00e1rez, Oax., 3 de mayo de 2021.- Lejos de obtener&hellip;<\/p>\n","protected":false},"author":2,"featured_media":26606,"comment_status":"closed","ping_status":"open","sticky":false,"template":"","format":"standard","meta":{"_lmt_disableupdate":"","_lmt_disable":"","_jetpack_memberships_contains_paid_content":false,"footnotes":""},"categories":[109,47],"tags":[2637],"class_list":["post-26750","post","type-post","status-publish","format-standard","has-post-thumbnail","hentry","category-minuto-a-minuto","category-zona-gris","tag-yara-gonzaga-guillen"],"jetpack_featured_media_url":"https:\/\/zonaroja.com.mx\/wp-content\/uploads\/2021\/04\/Yara-Gonzaga.jpg","jetpack_sharing_enabled":true,"_links":{"self":[{"href":"https:\/\/zonaroja.com.mx\/index.php?rest_route=\/wp\/v2\/posts\/26750","targetHints":{"allow":["GET"]}}],"collection":[{"href":"https:\/\/zonaroja.com.mx\/index.php?rest_route=\/wp\/v2\/posts"}],"about":[{"href":"https:\/\/zonaroja.com.mx\/index.php?rest_route=\/wp\/v2\/types\/post"}],"author":[{"embeddable":true,"href":"https:\/\/zonaroja.com.mx\/index.php?rest_route=\/wp\/v2\/users\/2"}],"replies":[{"embeddable":true,"href":"https:\/\/zonaroja.com.mx\/index.php?rest_route=%2Fwp%2Fv2%2Fcomments&post=26750"}],"version-history":[{"count":1,"href":"https:\/\/zonaroja.com.mx\/index.php?rest_route=\/wp\/v2\/posts\/26750\/revisions"}],"predecessor-version":[{"id":26751,"href":"https:\/\/zonaroja.com.mx\/index.php?rest_route=\/wp\/v2\/posts\/26750\/revisions\/26751"}],"wp:featuredmedia":[{"embeddable":true,"href":"https:\/\/zonaroja.com.mx\/index.php?rest_route=\/wp\/v2\/media\/26606"}],"wp:attachment":[{"href":"https:\/\/zonaroja.com.mx\/index.php?rest_route=%2Fwp%2Fv2%2Fmedia&parent=26750"}],"wp:term":[{"taxonomy":"category","embeddable":true,"href":"https:\/\/zonaroja.com.mx\/index.php?rest_route=%2Fwp%2Fv2%2Fcategories&post=26750"},{"taxonomy":"post_tag","embeddable":true,"href":"https:\/\/zonaroja.com.mx\/index.php?rest_route=%2Fwp%2Fv2%2Ftags&post=26750"}],"curies":[{"name":"wp","href":"https:\/\/api.w.org\/{rel}","templated":true}]}}