{"id":26752,"date":"2021-05-03T21:20:49","date_gmt":"2021-05-04T02:20:49","guid":{"rendered":"http:\/\/www.zonaroja.com.mx\/?p=26752"},"modified":"2021-05-03T21:27:01","modified_gmt":"2021-05-04T02:27:01","slug":"vence-plazo-por-irresponsabilidad-del-congreso-gobernador-designara-magistrados","status":"publish","type":"post","link":"https:\/\/zonaroja.com.mx\/?p=26752","title":{"rendered":"Vence plazo: por irresponsabilidad del Congreso, gobernador designar\u00e1 magistrados"},"content":{"rendered":"\n<p>Yuridiana Sosa\/Zona Roja<\/p>\n\n\n\n<p>Oaxaca de Ju\u00e1rez, Oax., 3 de mayo de 2021.-\u00a0 Por segunda ocasi\u00f3n, el Poder Legislativo de Oaxaca pierde la oportunidad, por omisi\u00f3n e irresponsabilidad, de designar a los magistrados del Tribunal Superior de Justicia en Oaxaca y otorgarle esta facultad al Gobernador del Estado, Alejandro Murat Hinojosa.<\/p>\n\n\n\n<p>El diputado C\u00e9sar Morales Ni\u00f1o lament\u00f3 que ante un error de procedimiento de la Comisi\u00f3n Permanente de Administraci\u00f3n y Procuraci\u00f3n de Justicia, el Congreso no est\u00e9 ejerciendo su funci\u00f3n de nombrar a los magistrados y formar un Poder Judicial aut\u00f3nomo, independiente de la subordinaci\u00f3n el Ejecutivo.<\/p>\n\n\n\n<p>Pues este 3 de mayo venci\u00f3 el plazo para que la 64 Legislatura votara para elegir a las dos vacantes para por medio de ternas, sin embargo, la Comisi\u00f3n Permanente no convoc\u00f3 a la sesi\u00f3n extraordinaria correspondiente para dicha decisi\u00f3n.<\/p>\n\n\n\n<p>Este error otorga la libertad para que el mandatario estatal designe a quien \u00e9l considere, por elecci\u00f3n propia, a los mejores perfiles.<\/p>\n\n\n\n<p>Morales Ni\u00f1o indico que la Comisi\u00f3n Permanente de Justicia err\u00f3 en pretender aprobar s\u00f3lo entre sus integrantes a quienes ocupar\u00edan las vacantes, pues debe exponer ante el pleno los perfiles y en conjunto tomar la decisi\u00f3n, lo que deriv\u00f3 en la inconformidad de los diputados, impidiendo la realizaci\u00f3n de la sesi\u00f3n que dar\u00eda paso a la sesi\u00f3n extraordinaria.<\/p>\n\n\n\n<p>\u201cSe desconoce qu\u00e9 ocurri\u00f3 \u2013-por el desconocimiento del procedimiento&#8211;. Pero es lamentable que por vencimiento del t\u00e9rmino el Ejecutivo deba decidir. No se debi\u00f3 dejar en una irresponsabilidad Legislativa\u201d, expres\u00f3.<\/p>\n\n\n\n<p>La primera ocasi\u00f3n que el gobernador decidi\u00f3 por vencimiento del t\u00e9rmino, luego que la sesi\u00f3n no se llev\u00f3 a cabo por falta de quorum, fue en febrero de 2020, al nombrar a \u00c1ngel Alejo Torres como magistrado.<\/p>\n\n\n\n<p>PIDEN RESPETAR A ELEGIDOS<\/p>\n\n\n\n<p>Por su parte, el diputado No\u00e9 Doroteo Castillejos, integrante de la Comisi\u00f3n Permanente de Administraci\u00f3n y Procuraci\u00f3n de Justicia, demand\u00f3 al gobernador Alejandro Murat designar a Alejandro Magno Gonz\u00e1lez Antonio y Erika Mar\u00eda Rodr\u00edguez Rodr\u00edguez como los nuevos magistrados, quienes hab\u00edan sido elegidos por dicha comisi\u00f3n al considerarlos los mejores perfiles.<\/p>\n\n\n\n<p>\u201cDe manera inexplicable no fue convocada la sesi\u00f3n extraordinaria respectiva para someter a votaci\u00f3n a los dos dict\u00e1menes que aprobamos en la Comisi\u00f3n de Administraci\u00f3n y Procuraci\u00f3n de justicia\u201d, expres\u00f3 en una carta abierta el tambi\u00e9n coordinador del grupo parlamentario del Partido del Trabajo.<\/p>\n","protected":false},"excerpt":{"rendered":"<p>Yuridiana Sosa\/Zona Roja Oaxaca de Ju\u00e1rez, Oax., 3 de mayo de 2021.-\u00a0 Por segunda ocasi\u00f3n,&hellip;<\/p>\n","protected":false},"author":2,"featured_media":26753,"comment_status":"closed","ping_status":"open","sticky":false,"template":"","format":"standard","meta":{"_lmt_disableupdate":"","_lmt_disable":"","_jetpack_memberships_contains_paid_content":false,"footnotes":""},"categories":[109,47],"tags":[213],"class_list":["post-26752","post","type-post","status-publish","format-standard","has-post-thumbnail","hentry","category-minuto-a-minuto","category-zona-gris","tag-64-legislatura-de-oaxaca"],"jetpack_featured_media_url":"https:\/\/zonaroja.com.mx\/wp-content\/uploads\/2021\/05\/Camara-de-Diputados-1.jpg","jetpack_sharing_enabled":true,"_links":{"self":[{"href":"https:\/\/zonaroja.com.mx\/index.php?rest_route=\/wp\/v2\/posts\/26752","targetHints":{"allow":["GET"]}}],"collection":[{"href":"https:\/\/zonaroja.com.mx\/index.php?rest_route=\/wp\/v2\/posts"}],"about":[{"href":"https:\/\/zonaroja.com.mx\/index.php?rest_route=\/wp\/v2\/types\/post"}],"author":[{"embeddable":true,"href":"https:\/\/zonaroja.com.mx\/index.php?rest_route=\/wp\/v2\/users\/2"}],"replies":[{"embeddable":true,"href":"https:\/\/zonaroja.com.mx\/index.php?rest_route=%2Fwp%2Fv2%2Fcomments&post=26752"}],"version-history":[{"count":2,"href":"https:\/\/zonaroja.com.mx\/index.php?rest_route=\/wp\/v2\/posts\/26752\/revisions"}],"predecessor-version":[{"id":26756,"href":"https:\/\/zonaroja.com.mx\/index.php?rest_route=\/wp\/v2\/posts\/26752\/revisions\/26756"}],"wp:featuredmedia":[{"embeddable":true,"href":"https:\/\/zonaroja.com.mx\/index.php?rest_route=\/wp\/v2\/media\/26753"}],"wp:attachment":[{"href":"https:\/\/zonaroja.com.mx\/index.php?rest_route=%2Fwp%2Fv2%2Fmedia&parent=26752"}],"wp:term":[{"taxonomy":"category","embeddable":true,"href":"https:\/\/zonaroja.com.mx\/index.php?rest_route=%2Fwp%2Fv2%2Fcategories&post=26752"},{"taxonomy":"post_tag","embeddable":true,"href":"https:\/\/zonaroja.com.mx\/index.php?rest_route=%2Fwp%2Fv2%2Ftags&post=26752"}],"curies":[{"name":"wp","href":"https:\/\/api.w.org\/{rel}","templated":true}]}}