{"id":26772,"date":"2021-05-04T07:02:10","date_gmt":"2021-05-04T12:02:10","guid":{"rendered":"http:\/\/www.zonaroja.com.mx\/?p=26772"},"modified":"2021-05-04T07:10:41","modified_gmt":"2021-05-04T12:10:41","slug":"suman-23-muertos-y-unos-65-heridos-por-colapso-de-metro-en-cdmx","status":"publish","type":"post","link":"https:\/\/zonaroja.com.mx\/?p=26772","title":{"rendered":"Suman 23 muertos y unos 65 heridos por colapso de Metro en Cdmx"},"content":{"rendered":"\n<p>Redacci\u00f3n\/Zona Roja Cdmx.<\/p>\n\n\n\n<p>Ciudad de M\u00e9xico, 4 de mayo de 2021.- La noche del lunes colaps\u00f3 una estructura en la interestaci\u00f3n Olivos en la l\u00ednea 12 del sistema de transporte colectivo Metro, desplom\u00e1ndose un convoy, en un accidente que dej\u00f3 23 muertos, entre ellos menores de edad, y 65 personas heridas.<\/p>\n\n\n\n<p>\u201cNuestra tarea principal es atender a las personas que est\u00e1n en los hospitales, es atender a los familiares de las v\u00edctimas que lamentablemente fallecieron en este incidente; y, la Fiscal\u00eda General de Justicia inicia todas las investigaciones para poder hacer todos los peritajes y poder conocer qu\u00e9 fue lo que ocurri\u00f3 en este incidente en la L\u00ednea 12 del Metro de la Ciudad de M\u00e9xico\u201d, dijo la jefa de Gobierno, Claudia Sheinbaum, quien se traslad\u00f3 minutos despu\u00e9s de ocurrir el accidente.<\/p>\n\n\n\n<p>Los heridos fueron trasladados a diversos hospitales, como el Belisario Dom\u00ednguez de la Alcald\u00eda de Tl\u00e1huac, o el de Xoco en Benito Ju\u00e1rez. Al menos siete de los heridos se reportaron como graves.<\/p>\n\n\n\n<p>Al lugar llegaron cuerpos de rescate, polic\u00eda y hasta militares. En las labores se us\u00f3 una gr\u00faa, que permiti\u00f3 que el personal pudiera atender a personas que quedaron atrapadas, as\u00ed como los cuerpos de quienes fallecieron en el incidente.<\/p>\n\n\n\n<p>\u201cTiene que haber un peritaje formal de la Fiscal\u00eda General de Justicia de la Ciudad de M\u00e9xico y, por supuesto, una revisi\u00f3n integral de todas las instituciones de gobierno y, si es necesario un peritaje externo, tambi\u00e9n se realizar\u00e1 para poder conocer qu\u00e9 fue lo que ocurri\u00f3 en este incidente\u201d, se\u00f1al\u00f3 Sheinbaum.<\/p>\n\n\n\n<p>La L\u00ednea 12 del Metro se construy\u00f3 durante el gobierno de Marcelo Ebrard (2006 &#8211; 2012), actual secretario de Relaciones Exteriores. Desde su planeaci\u00f3n hasta su colapso la noche de este lunes, la tambi\u00e9n llamada \u201cL\u00ednea Dorada\u201d ha sido se\u00f1alada por sus errores en planeaci\u00f3n y construcci\u00f3n e incluso ya en alg\u00fan momento fue suspendida su operaci\u00f3n en diversas estaciones por fallas estructurales.<\/p>\n\n\n\n<p>Se han realizado diversas investigaciones por las irregularidades se\u00f1aladas en la obra, pero ning\u00fan funcionario de alto perfil ha sido sancionado por la autoridad.<\/p>\n\n\n\n<p>\u201cLo ocurrido hoy en el Metro es una terrible tragedia. Mi solidaridad a las v\u00edctimas y sus familias. Por supuesto deben investigarse causas y deslindarse responsabilidades. Me reitero a la entera disposici\u00f3n de las autoridades para contribuir en todo lo que sea necesario\u201d, escribi\u00f3 Ebrard en su cuenta de Twitter.<\/p>\n\n\n\n<p>(Informaci\u00f3n de \u201cEl Financiero\u201d)<\/p>\n","protected":false},"excerpt":{"rendered":"<p>Redacci\u00f3n\/Zona Roja Cdmx. Ciudad de M\u00e9xico, 4 de mayo de 2021.- La noche del lunes&hellip;<\/p>\n","protected":false},"author":2,"featured_media":26773,"comment_status":"closed","ping_status":"open","sticky":false,"template":"","format":"standard","meta":{"_lmt_disableupdate":"","_lmt_disable":"","_jetpack_memberships_contains_paid_content":false,"footnotes":""},"categories":[109,51],"tags":[2652],"class_list":["post-26772","post","type-post","status-publish","format-standard","has-post-thumbnail","hentry","category-minuto-a-minuto","category-zona-roja","tag-metro-ciudad-de-mexico"],"jetpack_featured_media_url":"https:\/\/zonaroja.com.mx\/wp-content\/uploads\/2021\/05\/Desplome-Metro-Cdmx.jpg","jetpack_sharing_enabled":true,"_links":{"self":[{"href":"https:\/\/zonaroja.com.mx\/index.php?rest_route=\/wp\/v2\/posts\/26772","targetHints":{"allow":["GET"]}}],"collection":[{"href":"https:\/\/zonaroja.com.mx\/index.php?rest_route=\/wp\/v2\/posts"}],"about":[{"href":"https:\/\/zonaroja.com.mx\/index.php?rest_route=\/wp\/v2\/types\/post"}],"author":[{"embeddable":true,"href":"https:\/\/zonaroja.com.mx\/index.php?rest_route=\/wp\/v2\/users\/2"}],"replies":[{"embeddable":true,"href":"https:\/\/zonaroja.com.mx\/index.php?rest_route=%2Fwp%2Fv2%2Fcomments&post=26772"}],"version-history":[{"count":2,"href":"https:\/\/zonaroja.com.mx\/index.php?rest_route=\/wp\/v2\/posts\/26772\/revisions"}],"predecessor-version":[{"id":26778,"href":"https:\/\/zonaroja.com.mx\/index.php?rest_route=\/wp\/v2\/posts\/26772\/revisions\/26778"}],"wp:featuredmedia":[{"embeddable":true,"href":"https:\/\/zonaroja.com.mx\/index.php?rest_route=\/wp\/v2\/media\/26773"}],"wp:attachment":[{"href":"https:\/\/zonaroja.com.mx\/index.php?rest_route=%2Fwp%2Fv2%2Fmedia&parent=26772"}],"wp:term":[{"taxonomy":"category","embeddable":true,"href":"https:\/\/zonaroja.com.mx\/index.php?rest_route=%2Fwp%2Fv2%2Fcategories&post=26772"},{"taxonomy":"post_tag","embeddable":true,"href":"https:\/\/zonaroja.com.mx\/index.php?rest_route=%2Fwp%2Fv2%2Ftags&post=26772"}],"curies":[{"name":"wp","href":"https:\/\/api.w.org\/{rel}","templated":true}]}}