{"id":26781,"date":"2021-05-04T12:27:50","date_gmt":"2021-05-04T17:27:50","guid":{"rendered":"https:\/\/www.zonaroja.com.mx\/?p=26781"},"modified":"2021-05-04T12:27:53","modified_gmt":"2021-05-04T17:27:53","slug":"javier-villacana-de-va-por-oaxaca-firmara-70-compromisos-por-la-capital","status":"publish","type":"post","link":"https:\/\/zonaroja.com.mx\/?p=26781","title":{"rendered":"Javier Villaca\u00f1a, de \u201cVa por Oaxaca\u201d, firmar\u00e1 70 compromisos por la capital"},"content":{"rendered":"\n<p class=\"MsoNormal\">Yuridiana Sosa\/Zona Roja. <\/p>\n\n\n\n<p class=\"MsoNormal\">Oaxaca de Ju\u00e1rez, Oax., 4 de mayo de 2021.- Una vez que inicie la campa\u00f1a para la presidencia municipal de Oaxaca de Ju\u00e1rez, el candidato de \u201cVa por Oaxaca\u201d, Javier Villaca\u00f1a Jim\u00e9nez, signar\u00e1 70 compromisos con los diferentes sectores, a fin de lograr mejores condiciones para la ciudadan\u00eda.<\/p>\n\n\n\n<p class=\"MsoNormal\">El aspirante a edil de la capital por los partidos PRI-PAN-PRD, posterg\u00f3 el arranque de la jornada proselitista hasta que el Instituto Estatal Electoral y de Participaci\u00f3n Ciudadana de Oaxaca (IEEPCO) d\u00e9 la aprobaci\u00f3n de las candidaturas, sin embargo, inici\u00f3 el d\u00eda con una conferencia de prensa para dar a conocer parte de sus actividades que tendr\u00e1 en campa\u00f1a.<\/p>\n\n\n\n<p class=\"MsoNormal\">Villaca\u00f1a Jim\u00e9nez destac\u00f3 que de forma precisa firmar\u00e1 compromisos con 19 sectores de la sociedad y otros m\u00e1s con la sociedad en general, con quienes se ha reunido con anterioridad y ha conocido en su trayectoria de 39 a\u00f1os de carrera pol\u00edtica.<\/p>\n\n\n\n<p class=\"MsoNormal\">Este d\u00eda, cuando se hab\u00eda programado por el IEEPCO el arranque de campa\u00f1a&nbsp;<a href=\"\/\/2\">a partir de las 00:01<\/a>&nbsp;horas, la planilla de Villaca\u00f1a Jim\u00e9nez program\u00f3 un tequio, el cual arrancar\u00e1 &nbsp;hasta que el \u00e1rbitro electoral d\u00e9 luz verde al inicio de campa\u00f1as.&nbsp;<\/p>\n\n\n\n<p class=\"MsoNormal\">\u201cNo quisimos arrancar con un mitin, quisimos hacerlo con acciones, como es un tequio por la ciudad, porque el compromiso debe ser claro desde ya\u201d, mencion\u00f3 el aspirante en conferencia de prensa.<\/p>\n\n\n\n<p class=\"MsoNormal\">Para dar cobertura a las colonias y comunidades a fin de difundir sus propuestas, as\u00ed como respetar las disposiciones sanitarias, los aspirantes concejales tambi\u00e9n recorrer\u00e1n el municipio con el compromiso de rescatar a la ciudad.&nbsp;<\/p>\n\n\n\n<p class=\"MsoNormal\">Respecto a que su contendiente del partido Morena, Francisco Mart\u00ednez Neri, arranc\u00f3 campa\u00f1a en la madrugada, expres\u00f3 que no le preocupa, pues \u00e9l se mantiene respetuoso de las instituciones.<\/p>\n\n\n\n<p class=\"MsoNormal\">Javier Villaca\u00f1a, quien ha militado por el PRI, estuvo acompa\u00f1ado en la conferencia por el presidente del Comit\u00e9 Ejecutivo Estatal del PRI en Oaxaca, Eviel P\u00e9rez Maga\u00f1a; la presidenta del Comit\u00e9 Ejecutivo Estatal del PAN, Natividad D\u00edaz, el representante del PAN, Juan Iv\u00e1n Mendoza y la senadora panista, Kenia L\u00f3pez, quien elogi\u00f3 la trayectoria del priista.<\/p>\n","protected":false},"excerpt":{"rendered":"<p>Yuridiana Sosa\/Zona Roja. Oaxaca de Ju\u00e1rez, Oax., 4 de mayo de 2021.- Una vez que&hellip;<\/p>\n","protected":false},"author":2,"featured_media":26780,"comment_status":"closed","ping_status":"open","sticky":false,"template":"","format":"standard","meta":{"_lmt_disableupdate":"","_lmt_disable":"","_jetpack_memberships_contains_paid_content":false,"footnotes":""},"categories":[109,46],"tags":[2456],"class_list":["post-26781","post","type-post","status-publish","format-standard","has-post-thumbnail","hentry","category-minuto-a-minuto","category-zona-blanca","tag-javier-villacana-jimenez"],"jetpack_featured_media_url":"https:\/\/zonaroja.com.mx\/wp-content\/uploads\/2021\/05\/0857babf-f5bf-42c8-b1d2-ee06aa30af22.jpg","jetpack_sharing_enabled":true,"_links":{"self":[{"href":"https:\/\/zonaroja.com.mx\/index.php?rest_route=\/wp\/v2\/posts\/26781","targetHints":{"allow":["GET"]}}],"collection":[{"href":"https:\/\/zonaroja.com.mx\/index.php?rest_route=\/wp\/v2\/posts"}],"about":[{"href":"https:\/\/zonaroja.com.mx\/index.php?rest_route=\/wp\/v2\/types\/post"}],"author":[{"embeddable":true,"href":"https:\/\/zonaroja.com.mx\/index.php?rest_route=\/wp\/v2\/users\/2"}],"replies":[{"embeddable":true,"href":"https:\/\/zonaroja.com.mx\/index.php?rest_route=%2Fwp%2Fv2%2Fcomments&post=26781"}],"version-history":[{"count":1,"href":"https:\/\/zonaroja.com.mx\/index.php?rest_route=\/wp\/v2\/posts\/26781\/revisions"}],"predecessor-version":[{"id":26782,"href":"https:\/\/zonaroja.com.mx\/index.php?rest_route=\/wp\/v2\/posts\/26781\/revisions\/26782"}],"wp:featuredmedia":[{"embeddable":true,"href":"https:\/\/zonaroja.com.mx\/index.php?rest_route=\/wp\/v2\/media\/26780"}],"wp:attachment":[{"href":"https:\/\/zonaroja.com.mx\/index.php?rest_route=%2Fwp%2Fv2%2Fmedia&parent=26781"}],"wp:term":[{"taxonomy":"category","embeddable":true,"href":"https:\/\/zonaroja.com.mx\/index.php?rest_route=%2Fwp%2Fv2%2Fcategories&post=26781"},{"taxonomy":"post_tag","embeddable":true,"href":"https:\/\/zonaroja.com.mx\/index.php?rest_route=%2Fwp%2Fv2%2Ftags&post=26781"}],"curies":[{"name":"wp","href":"https:\/\/api.w.org\/{rel}","templated":true}]}}