{"id":26783,"date":"2021-05-04T13:36:58","date_gmt":"2021-05-04T18:36:58","guid":{"rendered":"http:\/\/www.zonaroja.com.mx\/?p=26783"},"modified":"2021-05-04T13:37:02","modified_gmt":"2021-05-04T18:37:02","slug":"martinez-neri-inicia-campana-sin-aprobacion-del-ieepco-podria-caer-en-ilegalidad","status":"publish","type":"post","link":"https:\/\/zonaroja.com.mx\/?p=26783","title":{"rendered":"Mart\u00ednez Neri inicia campa\u00f1a sin aprobaci\u00f3n del IEEPCO; podr\u00eda caer en ilegalidad"},"content":{"rendered":"\n<p>Yuridiana Sosa\/Zona Roja.<\/p>\n\n\n\n<p>Oaxaca de Ju\u00e1rez, Oax., 4 de mayo de 2021.- Sin esperar la aprobaci\u00f3n de las candidaturas a presidentes municipales por el IEEPCO, algunos candidatos comenzaron campa\u00f1a en Oaxaca, entre ellos Francisco Mart\u00ednez Neri, del Partido Morena, por la capital del estado.<\/p>\n\n\n\n<p>El ex diputado federal arranc\u00f3 su jornada proselitista en los primeros minutos de este martes, con un acto multitudinario en la Plaza de la Danza, frente al palacio municipal que hoy ocupa Oswaldo Garc\u00eda Jarqu\u00edn, el quinto peor presidente municipal en el pa\u00eds, de acuerdo con Mitofsky.<\/p>\n\n\n\n<p>Mart\u00ednez Neri adem\u00e1s convoc\u00f3 a cientos de ciudadanos, previa calenda, donde los cuidados respecto a la pandemia, dependi\u00f3 de cada asistente.<\/p>\n\n\n\n<p>El Instituto Estatal Electoral y de Participaci\u00f3n Ciudadana de Oaxaca (IEEPCO) present\u00f3 un atraso en la aprobaci\u00f3n de las candidaturas, que aval\u00f3 hasta despu\u00e9s de las 13:00 horas de hoy.<\/p>\n\n\n\n<figure class=\"wp-block-embed-twitter wp-block-embed is-type-rich is-provider-twitter\"><div class=\"wp-block-embed__wrapper\">\n<div class=\"twitter-tweet\"><blockquote class=\"twitter-tweet\" data-lang=\"es\"><p lang=\"es\" dir=\"ltr\">Arrancamos nuestra campa\u00f1a. Acomp\u00e1\u00f1anos en la transmisi\u00f3n en vivo.<a href=\"https:\/\/t.co\/t7KzjxFZxT\">https:\/\/t.co\/t7KzjxFZxT<\/a> <a href=\"https:\/\/t.co\/nneK0a5Orq\">pic.twitter.com\/nneK0a5Orq<\/a><\/p>&mdash; Francisco Mtz. Neri (@FMartinezNeri) <a href=\"https:\/\/twitter.com\/FMartinezNeri\/status\/1389459414151614465?ref_src=twsrc%5Etfw\">4 de mayo de 2021<\/a><\/blockquote><\/div>\n<\/div><\/figure>\n\n\n\n<p>Ante la ausencia de las aprobaciones, la ma\u00f1ana de este martes \u2013horas despu\u00e9s de su inicio de campa\u00f1a- Francisco Mart\u00ednez justific\u00f3 su acto en un incumpliendo de la autoridad electoral para sesionar antes de la fecha determinada para los inicios de campa\u00f1a.<\/p>\n\n\n\n<p>Mientras que el IEEPCO indic\u00f3 que quienes iniciaron antes de su aprobaci\u00f3n podr\u00edan incurrir en una ilegalidad, Mart\u00ednez Neri sostuvo que cumplieron conforme se estableci\u00f3 previamente con el calendario y con los d\u00edas que marca la ley para el desarrollo de campa\u00f1as.<\/p>\n\n\n\n<p>Dijo que tienen certeza jur\u00eddica que no incurrieron en actos anticipados de campa\u00f1a, en tanto, su contrincante de \u201cVa por Oaxaca\u201d, Javier Villa\u00f1a Jim\u00e9nez, esper\u00f3 la resoluci\u00f3n.<\/p>\n","protected":false},"excerpt":{"rendered":"<p>Yuridiana Sosa\/Zona Roja. Oaxaca de Ju\u00e1rez, Oax., 4 de mayo de 2021.- Sin esperar la&hellip;<\/p>\n","protected":false},"author":2,"featured_media":26784,"comment_status":"closed","ping_status":"open","sticky":false,"template":"","format":"standard","meta":{"_lmt_disableupdate":"","_lmt_disable":"","_jetpack_memberships_contains_paid_content":false,"footnotes":""},"categories":[109,47],"tags":[2418],"class_list":["post-26783","post","type-post","status-publish","format-standard","has-post-thumbnail","hentry","category-minuto-a-minuto","category-zona-gris","tag-francisco-martinez-neri"],"jetpack_featured_media_url":"https:\/\/zonaroja.com.mx\/wp-content\/uploads\/2021\/05\/Francisco-Martinez-Neri-campana.jpg","jetpack_sharing_enabled":true,"_links":{"self":[{"href":"https:\/\/zonaroja.com.mx\/index.php?rest_route=\/wp\/v2\/posts\/26783","targetHints":{"allow":["GET"]}}],"collection":[{"href":"https:\/\/zonaroja.com.mx\/index.php?rest_route=\/wp\/v2\/posts"}],"about":[{"href":"https:\/\/zonaroja.com.mx\/index.php?rest_route=\/wp\/v2\/types\/post"}],"author":[{"embeddable":true,"href":"https:\/\/zonaroja.com.mx\/index.php?rest_route=\/wp\/v2\/users\/2"}],"replies":[{"embeddable":true,"href":"https:\/\/zonaroja.com.mx\/index.php?rest_route=%2Fwp%2Fv2%2Fcomments&post=26783"}],"version-history":[{"count":1,"href":"https:\/\/zonaroja.com.mx\/index.php?rest_route=\/wp\/v2\/posts\/26783\/revisions"}],"predecessor-version":[{"id":26785,"href":"https:\/\/zonaroja.com.mx\/index.php?rest_route=\/wp\/v2\/posts\/26783\/revisions\/26785"}],"wp:featuredmedia":[{"embeddable":true,"href":"https:\/\/zonaroja.com.mx\/index.php?rest_route=\/wp\/v2\/media\/26784"}],"wp:attachment":[{"href":"https:\/\/zonaroja.com.mx\/index.php?rest_route=%2Fwp%2Fv2%2Fmedia&parent=26783"}],"wp:term":[{"taxonomy":"category","embeddable":true,"href":"https:\/\/zonaroja.com.mx\/index.php?rest_route=%2Fwp%2Fv2%2Fcategories&post=26783"},{"taxonomy":"post_tag","embeddable":true,"href":"https:\/\/zonaroja.com.mx\/index.php?rest_route=%2Fwp%2Fv2%2Ftags&post=26783"}],"curies":[{"name":"wp","href":"https:\/\/api.w.org\/{rel}","templated":true}]}}