{"id":26786,"date":"2021-05-04T14:01:20","date_gmt":"2021-05-04T19:01:20","guid":{"rendered":"http:\/\/www.zonaroja.com.mx\/?p=26786"},"modified":"2021-05-04T14:01:23","modified_gmt":"2021-05-04T19:01:23","slug":"convoca-la-uabjo-a-participar-en-premio-nacional-de-periodismo-2020","status":"publish","type":"post","link":"https:\/\/zonaroja.com.mx\/?p=26786","title":{"rendered":"Convoca la UABJO a participar en Premio Nacional de Periodismo 2020"},"content":{"rendered":"\n<p>Redacci\u00f3n\/Zona Roja.<\/p>\n\n\n\n<p>Oaxaca de Ju\u00e1rez, Oax., 4 de mayo de 2021.- La Universidad Aut\u00f3noma \u201cBenito Ju\u00e1rez\u201d de Oaxaca forma parte del jurado del Premio Nacional de Periodismo (PNP) 2020 y convoca a profesionales de la comunicaci\u00f3n a participar.<\/p>\n\n\n\n<p>La m\u00e1xima casa de estudios es integrante del Consejo Ciudadano que otorga el PNP, junto con diversas instituciones p\u00fablicas y privadas del pa\u00eds y cada a\u00f1o es representada por periodistas con amplia trayectoria.<\/p>\n\n\n\n<p>En esta ocasi\u00f3n representada por Guadalupe Thomas y Pedro Mat\u00edas, periodistas con reconocimiento local y nacional.<\/p>\n\n\n\n<p>Es por ello que promueve la convocatoria e invita a participar con trabajos period\u00edsticos que se hayan difundido entre el 1 de enero y el 31 de diciembre de 2020, en cualquier medio informativo mexicano, impresos, radio, televisi\u00f3n y\/o digitales.<\/p>\n\n\n\n<p>Las categor\u00edas son: Cr\u00f3nica\/Periodismo Narrativo, Entrevista, Reportaje, Cobertura multiformato\/Periodismo de Investigaci\u00f3n, Fotograf\u00eda, Caricatura\/Humor, Periodismo de Opini\u00f3n y Divulgaci\u00f3n de la ciencia y difusi\u00f3n de la cultura.<\/p>\n\n\n\n<p>As\u00ed se anunci\u00f3 en la ceremonia virtual de presentaci\u00f3n, encabezada por Roberto Fuentes Vivar, presidente del Jurado del Premio Nacional de Periodismo 2020; Luis Javier Solana Morales, fundador y embajador del CCPNP, y el Raciel Dam\u00f3n Mart\u00ednez G\u00f3mez, director de Comunicaci\u00f3n Universitaria, de la Universidad Veracruzana y representante de la Presidencia del Consejo.<\/p>\n\n\n\n<figure class=\"wp-block-embed-twitter wp-block-embed is-type-rich is-provider-twitter\"><div class=\"wp-block-embed__wrapper\">\n<div class=\"twitter-tweet\"><blockquote class=\"twitter-tweet\" data-lang=\"es\"><p lang=\"es\" dir=\"ltr\">La <a href=\"https:\/\/twitter.com\/UABJO?ref_src=twsrc%5Etfw\">@UABJO<\/a> agradece al:<br>Periodista Pedro Mat\u00edas<br><br>Quien por su destacada trayectoria, fue elegido para representar dignamente a nuestra Universidad, como integrante del Jurado del Premio Nacional de Periodismo 2020, convocado por el <a href=\"https:\/\/twitter.com\/CCPNPMex?ref_src=twsrc%5Etfw\">@CCPNPMex<\/a> <br>\u00a0<br>\u00a1Muchas gracias!<a href=\"https:\/\/twitter.com\/Bautistaeduardo?ref_src=twsrc%5Etfw\">@Bautistaeduardo<\/a> <a href=\"https:\/\/t.co\/3x9JoZOcI3\">pic.twitter.com\/3x9JoZOcI3<\/a><\/p>&mdash; Comunicaci\u00f3nUABJO (@comunica_UABJO) <a href=\"https:\/\/twitter.com\/comunica_UABJO\/status\/1389360564032483329?ref_src=twsrc%5Etfw\">3 de mayo de 2021<\/a><\/blockquote><\/div>\n<\/div><\/figure>\n\n\n\n<p>De esta manera a partir del d\u00eda de ayer 3 de mayo, est\u00e1 abierta la recepci\u00f3n de trabajos en www.periodismo.org.mx y concluye el pr\u00f3ximo 25 de junio del presente.<\/p>\n\n\n\n<p>Los materiales pueden ser postulados por las y los propios autores, medios de comunicaci\u00f3n, instituciones o p\u00fablico en general.<\/p>\n\n\n\n<p>Los resultados se dar\u00e1n a conocer el viernes 5 de noviembre de 2021 y la ceremonia de premiaci\u00f3n se efectuar\u00e1 el viernes 19 del mismo mes y a\u00f1o.<\/p>\n\n\n\n<p>El reconocimiento consiste en una escultura dise\u00f1ada por el maestro Juan Soriano, un diploma y 50 mil pesos por categor\u00eda y se otorgar\u00e1 bajo las premisas de autonom\u00eda, independencia, imparcialidad, pluralidad y responsabilidad.<\/p>\n\n\n\n<p>El jurado est\u00e1 integrado por 15 profesionales que combinan el ejercicio period\u00edstico, la docencia y representan a la sociedad civil organizada, importante destacar que, por primera vez, hay una mayor participaci\u00f3n de mujeres y cuenta con la presencia de la Ciudad de M\u00e9xico, Michoac\u00e1n, Jalisco, Nuevo Le\u00f3n, Yucat\u00e1n, Sonora, Oaxaca, Baja California y Veracruz; adem\u00e1s de una mexicana que radica en Washington DC.<\/p>\n\n\n\n<p>Para m\u00e1s informaci\u00f3n, comunicarse al (55) 52 76 44 27 o a los correos: ccpnpmexico20@gmail.com, aguilar@pnp.org.mx y gil@pnp.org.mx.<\/p>\n","protected":false},"excerpt":{"rendered":"<p>Redacci\u00f3n\/Zona Roja. Oaxaca de Ju\u00e1rez, Oax., 4 de mayo de 2021.- La Universidad Aut\u00f3noma \u201cBenito&hellip;<\/p>\n","protected":false},"author":2,"featured_media":26787,"comment_status":"closed","ping_status":"open","sticky":false,"template":"","format":"standard","meta":{"_lmt_disableupdate":"","_lmt_disable":"","_jetpack_memberships_contains_paid_content":false,"footnotes":""},"categories":[109,46],"tags":[282],"class_list":["post-26786","post","type-post","status-publish","format-standard","has-post-thumbnail","hentry","category-minuto-a-minuto","category-zona-blanca","tag-universidad-autonoma-benito-juarez-de-oaxaca"],"jetpack_featured_media_url":"https:\/\/zonaroja.com.mx\/wp-content\/uploads\/2021\/05\/2.jpg","jetpack_sharing_enabled":true,"_links":{"self":[{"href":"https:\/\/zonaroja.com.mx\/index.php?rest_route=\/wp\/v2\/posts\/26786","targetHints":{"allow":["GET"]}}],"collection":[{"href":"https:\/\/zonaroja.com.mx\/index.php?rest_route=\/wp\/v2\/posts"}],"about":[{"href":"https:\/\/zonaroja.com.mx\/index.php?rest_route=\/wp\/v2\/types\/post"}],"author":[{"embeddable":true,"href":"https:\/\/zonaroja.com.mx\/index.php?rest_route=\/wp\/v2\/users\/2"}],"replies":[{"embeddable":true,"href":"https:\/\/zonaroja.com.mx\/index.php?rest_route=%2Fwp%2Fv2%2Fcomments&post=26786"}],"version-history":[{"count":1,"href":"https:\/\/zonaroja.com.mx\/index.php?rest_route=\/wp\/v2\/posts\/26786\/revisions"}],"predecessor-version":[{"id":26788,"href":"https:\/\/zonaroja.com.mx\/index.php?rest_route=\/wp\/v2\/posts\/26786\/revisions\/26788"}],"wp:featuredmedia":[{"embeddable":true,"href":"https:\/\/zonaroja.com.mx\/index.php?rest_route=\/wp\/v2\/media\/26787"}],"wp:attachment":[{"href":"https:\/\/zonaroja.com.mx\/index.php?rest_route=%2Fwp%2Fv2%2Fmedia&parent=26786"}],"wp:term":[{"taxonomy":"category","embeddable":true,"href":"https:\/\/zonaroja.com.mx\/index.php?rest_route=%2Fwp%2Fv2%2Fcategories&post=26786"},{"taxonomy":"post_tag","embeddable":true,"href":"https:\/\/zonaroja.com.mx\/index.php?rest_route=%2Fwp%2Fv2%2Ftags&post=26786"}],"curies":[{"name":"wp","href":"https:\/\/api.w.org\/{rel}","templated":true}]}}