{"id":26791,"date":"2021-05-04T15:08:17","date_gmt":"2021-05-04T20:08:17","guid":{"rendered":"http:\/\/www.zonaroja.com.mx\/?p=26791"},"modified":"2021-05-04T15:08:25","modified_gmt":"2021-05-04T20:08:25","slug":"y-13-horas-despues-el-ieepco-avala-candidaturas-a-concejalias-e-inician-campanas","status":"publish","type":"post","link":"https:\/\/zonaroja.com.mx\/?p=26791","title":{"rendered":"Y 13 horas despu\u00e9s, el IEEPCO avala candidaturas a concejal\u00edas e inician campa\u00f1as"},"content":{"rendered":"\n<p>Redacci\u00f3n\/Zona Roja.<\/p>\n\n\n\n<p>Oaxaca de Ju\u00e1rez, Oax., a 4 de mayo de 2021.- Con un retraso de casi 13 horas y dislates y distracciones del presidente del consejo, Gustavo Meixueiro, el Instituto Estatal Electoral y de Participaci\u00f3n Ciudadana de Oaxaca (IEEPCO), aprob\u00f3 el registro de 13 mil 22 candidaturas a concejal\u00edas a los ayuntamientos, postuladas por los partidos pol\u00edticos, la coalici\u00f3n, las candidaturas comunes, las candidaturas independientes y las candidaturas independientes ind\u00edgenas y\/o afromexicanas, en el Proceso Electoral Ordinario 2020-2021 en Oaxaca.&nbsp;<\/p>\n\n\n\n<p>En ese marco, el Consejo General del \u00f3rgano neg\u00f3 el registro de Dante Monta\u00f1o Montero (PT) y de Yolanda Adelaida Santos Monta\u00f1o (Morena), \u201cal observar que las personas en cuesti\u00f3n han sido sancionadas por violencia pol\u00edtica en raz\u00f3n de g\u00e9nero, por lo que tienen desvirtuado el modo honesto de vivir y en consecuencia no es posible otorgarles el registro como candidato y candidata a primera concejal\u00eda propietaria\u201d, en los municipios de Santa Luc\u00eda del Camino y San Jacinto Amilpas, respectivamente.&nbsp;<\/p>\n\n\n\n<p>Asimismo, se concluy\u00f3 que 22 de las personas que solicitaron su registro, lo hicieron excediendo el periodo constitucional correspondiente a la reelecci\u00f3n y\/o elecci\u00f3n consecutiva; por ello, el Consejo General declar\u00f3 como no procedentes dichas solicitudes.<\/p>\n\n\n\n<p>Sin embargo, otorg\u00f3 cinco d\u00edas a los partidos pol\u00edticos y coalici\u00f3n para presentar la documentaci\u00f3n correspondiente que acredite lo contrario o, en su caso, realizar las sustituciones necesarias en los lugares en cuesti\u00f3n.<\/p>\n\n\n\n<p>De las dos mil 211 candidaturas a presidencias municipales registradas; mil 176 corresponden a mujeres, mil ocho a hombres y 27 a personas de la diversidad sexual.&nbsp;<\/p>\n\n\n\n<p>El Instituto electoral registr\u00f3 seis mil 929 candidaturas de personas ind\u00edgenas, 136 candidaturas afromexicanas, dos mil 805 candidaturas j\u00f3venes; mil 511 candidaturas que corresponden a personas adultas mayores, as\u00ed como 707 candidaturas de personas con discapacidad.&nbsp;&nbsp;<\/p>\n\n\n\n<p>Respecto a las candidaturas comunes, los partidos pol\u00edticos: Acci\u00f3n Nacional, Revolucionario Institucional, de la Revoluci\u00f3n Democr\u00e1tica, del Trabajo, Verde Ecologista de M\u00e9xico y Nueva Alianza Oaxaca, presentaron convenios de candidaturas comunes, en total ser\u00e1n 83 en el presente proceso electoral.&nbsp;<\/p>\n\n\n\n<p>Por primera vez a nivel nacional, desde el IEEPCO se implement\u00f3 la figura de Candidaturas Independientes Ind\u00edgenas y\/o Afromexicanas, como una acci\u00f3n afirmativa que permite a la ciudadan\u00eda postular a un cargo de elecci\u00f3n popular a trav\u00e9s de los mecanismos propios de las comunidades ind\u00edgenas y afromexicanas, como lo son las asambleas comunitarias.&nbsp;<\/p>\n\n\n\n<p>Luego de realizar el an\u00e1lisis correspondiente, se confirm\u00f3 que las asambleas presentadas efectivamente hayan sido validadas por alguna autoridad comunitaria, por lo que \u00fanicamente tres candidatos independientes ind\u00edgenas buscar\u00e1n el apoyo de la ciudadan\u00eda en los municipios de Villa de Tamazul\u00c1pam del Progreso, Villa de Zaachila y Putla Villa de Guerrero.&nbsp;<\/p>\n\n\n\n<p>Respecto a las candidaturas independientes, buscar\u00e1n el voto 20 ciudadanos.<\/p>\n\n\n\n<p>Con la aprobaci\u00f3n de todas las candidaturas que competir\u00e1n en el Proceso Electoral 2020-2021 por parte del Consejo General, arrancan las campa\u00f1as electorales en los 153 municipios que se rigen por el sistema de partidos pol\u00edticos.&nbsp;<\/p>\n\n\n\n<p>En total, nueve partidos pol\u00edticos -Partido del Trabajo, Verde Ecologista de M\u00e9xico, Movimiento Ciudadano, Unidad Popular, MORENA, Nueva Alianza Oaxaca, Encuentro Solidario, Redes Sociales Progresistas y Fuerza por M\u00e9xico-, una coalici\u00f3n -Acci\u00f3n Nacional, Revolucionario Institucional, Revoluci\u00f3n Democr\u00e1tica-, as\u00ed como candidaturas independientes y candidaturas independientes ind\u00edgenas, buscar\u00e1n el voto de la ciudadan\u00eda del 4 de mayo al 2 de junio del presente a\u00f1o.&nbsp;<\/p>\n\n\n\n<p>En la jornada del pr\u00f3ximo 6 de junio de 2021, la ciudadan\u00eda oaxaque\u00f1a podr\u00e1 elegir a nivel municipal: 153 presidencias municipales, con sus respectivas planillas; 162 sindicaturas; y 1070 Regidur\u00edas, 710 por mayor\u00eda relativa y 360 por representaci\u00f3n proporcional.<\/p>\n","protected":false},"excerpt":{"rendered":"<p>Redacci\u00f3n\/Zona Roja. Oaxaca de Ju\u00e1rez, Oax., a 4 de mayo de 2021.- Con un retraso&hellip;<\/p>\n","protected":false},"author":2,"featured_media":17563,"comment_status":"closed","ping_status":"open","sticky":false,"template":"","format":"standard","meta":{"_lmt_disableupdate":"","_lmt_disable":"","_jetpack_memberships_contains_paid_content":false,"footnotes":""},"categories":[109,47],"tags":[760],"class_list":["post-26791","post","type-post","status-publish","format-standard","has-post-thumbnail","hentry","category-minuto-a-minuto","category-zona-gris","tag-instituto-estatal-electoral-y-de-participacion-ciudadana-de-oaxaca"],"jetpack_featured_media_url":"https:\/\/zonaroja.com.mx\/wp-content\/uploads\/2020\/09\/Instituto-Estatal-Electoral-IEEPCO.jpg","jetpack_sharing_enabled":true,"_links":{"self":[{"href":"https:\/\/zonaroja.com.mx\/index.php?rest_route=\/wp\/v2\/posts\/26791","targetHints":{"allow":["GET"]}}],"collection":[{"href":"https:\/\/zonaroja.com.mx\/index.php?rest_route=\/wp\/v2\/posts"}],"about":[{"href":"https:\/\/zonaroja.com.mx\/index.php?rest_route=\/wp\/v2\/types\/post"}],"author":[{"embeddable":true,"href":"https:\/\/zonaroja.com.mx\/index.php?rest_route=\/wp\/v2\/users\/2"}],"replies":[{"embeddable":true,"href":"https:\/\/zonaroja.com.mx\/index.php?rest_route=%2Fwp%2Fv2%2Fcomments&post=26791"}],"version-history":[{"count":1,"href":"https:\/\/zonaroja.com.mx\/index.php?rest_route=\/wp\/v2\/posts\/26791\/revisions"}],"predecessor-version":[{"id":26792,"href":"https:\/\/zonaroja.com.mx\/index.php?rest_route=\/wp\/v2\/posts\/26791\/revisions\/26792"}],"wp:featuredmedia":[{"embeddable":true,"href":"https:\/\/zonaroja.com.mx\/index.php?rest_route=\/wp\/v2\/media\/17563"}],"wp:attachment":[{"href":"https:\/\/zonaroja.com.mx\/index.php?rest_route=%2Fwp%2Fv2%2Fmedia&parent=26791"}],"wp:term":[{"taxonomy":"category","embeddable":true,"href":"https:\/\/zonaroja.com.mx\/index.php?rest_route=%2Fwp%2Fv2%2Fcategories&post=26791"},{"taxonomy":"post_tag","embeddable":true,"href":"https:\/\/zonaroja.com.mx\/index.php?rest_route=%2Fwp%2Fv2%2Ftags&post=26791"}],"curies":[{"name":"wp","href":"https:\/\/api.w.org\/{rel}","templated":true}]}}