{"id":26793,"date":"2021-05-04T15:49:54","date_gmt":"2021-05-04T20:49:54","guid":{"rendered":"http:\/\/www.zonaroja.com.mx\/?p=26793"},"modified":"2021-05-04T15:50:28","modified_gmt":"2021-05-04T20:50:28","slug":"regresan-protestas-contra-los-sso-por-imposicion-de-mandos","status":"publish","type":"post","link":"https:\/\/zonaroja.com.mx\/?p=26793","title":{"rendered":"Regresan protestas contra los SSO por imposici\u00f3n de mandos"},"content":{"rendered":"\n<p>Yuridiana Sosa\/Zona Roja.<\/p>\n\n\n\n<p>Oaxaca de Ju\u00e1rez, Oax., 4 de mayo de 2021.- Integrantes del Frente Nacional de Trabajadores de Salud en la Rep\u00fablica Mexicana, se apoderaron de las oficinas de los Servicios de Salud de Oaxaca (SSO), en rechazo a la imposici\u00f3n de funcionarios en las jurisdicciones, por encima de los c\u00f3digos y antig\u00fcedad laboral de trabajadores.<\/p>\n\n\n\n<p>Posterior al vencimiento del plazo en que les resolver\u00edan su demanda, no cumplida, una representaci\u00f3n de los inconformes cerr\u00f3 el Departamento de Promoci\u00f3n a la Salud ubicada en la colonia Reforma de la capital del estado, donde permanecer\u00e1n hasta contar con acuerdos a su favor.<\/p>\n\n\n\n<p>El representante de los trabajadores, Caleb Jim\u00e9nez, indic\u00f3 que la imposici\u00f3n de nuevos cargos o contra los estatutos laborales establecidos por los Servicios de Salud se padece en las jurisdicciones sanitarias en la Cuenca, Istmo y Sierra, en donde se \u201ctomaron\u201d las oficinas de los centros de trabajo.<\/p>\n\n\n\n<p>Detall\u00f3 que en el caso de la Jurisdicci\u00f3n 3 de Tuxtepec las vacantes de jefe de distrito y jefe de sector fueron ocupadas sin tomar en cuenta a los trabajadores con los c\u00f3digos adecuados para desempe\u00f1ar las funciones, antig\u00fcedad y experiencia laboral.<\/p>\n\n\n\n<p>El Frente Nacional de Trabajadores de Salud en la Rep\u00fablica Mexicana se\u00f1al\u00f3 presunta complicidad de la autoridad sanitaria que encabeza Juan Carlos M\u00e1rquez Heine con otras secciones sindicales, por lo que exigen condiciones igualitarias de trabajo.<\/p>\n","protected":false},"excerpt":{"rendered":"<p>Yuridiana Sosa\/Zona Roja. Oaxaca de Ju\u00e1rez, Oax., 4 de mayo de 2021.- Integrantes del Frente&hellip;<\/p>\n","protected":false},"author":2,"featured_media":26794,"comment_status":"closed","ping_status":"open","sticky":false,"template":"","format":"standard","meta":{"_lmt_disableupdate":"","_lmt_disable":"","_jetpack_memberships_contains_paid_content":false,"footnotes":""},"categories":[109,47],"tags":[1005],"class_list":["post-26793","post","type-post","status-publish","format-standard","has-post-thumbnail","hentry","category-minuto-a-minuto","category-zona-gris","tag-servicios-de-salud-de-oaxaca-sso"],"jetpack_featured_media_url":"https:\/\/zonaroja.com.mx\/wp-content\/uploads\/2021\/05\/Protestas-SSO-sindicato-independiente.jpg","jetpack_sharing_enabled":true,"_links":{"self":[{"href":"https:\/\/zonaroja.com.mx\/index.php?rest_route=\/wp\/v2\/posts\/26793","targetHints":{"allow":["GET"]}}],"collection":[{"href":"https:\/\/zonaroja.com.mx\/index.php?rest_route=\/wp\/v2\/posts"}],"about":[{"href":"https:\/\/zonaroja.com.mx\/index.php?rest_route=\/wp\/v2\/types\/post"}],"author":[{"embeddable":true,"href":"https:\/\/zonaroja.com.mx\/index.php?rest_route=\/wp\/v2\/users\/2"}],"replies":[{"embeddable":true,"href":"https:\/\/zonaroja.com.mx\/index.php?rest_route=%2Fwp%2Fv2%2Fcomments&post=26793"}],"version-history":[{"count":2,"href":"https:\/\/zonaroja.com.mx\/index.php?rest_route=\/wp\/v2\/posts\/26793\/revisions"}],"predecessor-version":[{"id":26796,"href":"https:\/\/zonaroja.com.mx\/index.php?rest_route=\/wp\/v2\/posts\/26793\/revisions\/26796"}],"wp:featuredmedia":[{"embeddable":true,"href":"https:\/\/zonaroja.com.mx\/index.php?rest_route=\/wp\/v2\/media\/26794"}],"wp:attachment":[{"href":"https:\/\/zonaroja.com.mx\/index.php?rest_route=%2Fwp%2Fv2%2Fmedia&parent=26793"}],"wp:term":[{"taxonomy":"category","embeddable":true,"href":"https:\/\/zonaroja.com.mx\/index.php?rest_route=%2Fwp%2Fv2%2Fcategories&post=26793"},{"taxonomy":"post_tag","embeddable":true,"href":"https:\/\/zonaroja.com.mx\/index.php?rest_route=%2Fwp%2Fv2%2Ftags&post=26793"}],"curies":[{"name":"wp","href":"https:\/\/api.w.org\/{rel}","templated":true}]}}