{"id":26797,"date":"2021-05-04T15:59:44","date_gmt":"2021-05-04T20:59:44","guid":{"rendered":"http:\/\/www.zonaroja.com.mx\/?p=26797"},"modified":"2021-05-04T15:59:51","modified_gmt":"2021-05-04T20:59:51","slug":"exige-organizacion-articulo-19-justicia-a-reportero-oaxaqueno-agredido","status":"publish","type":"post","link":"https:\/\/zonaroja.com.mx\/?p=26797","title":{"rendered":"Exige organizaci\u00f3n Art\u00edculo 19 justicia a reportero oaxaque\u00f1o agredido"},"content":{"rendered":"\n<p>Redacci\u00f3n\/Zona Roja.<\/p>\n\n\n\n<p>Ciudad de M\u00e9xico, 4 de mayo de 2021.- Art\u00edculo 19 rechaza las lesiones, el robo de material de trabajo y el bloqueo informativo que sufri\u00f3 Tom\u00e1s Mart\u00ednez, reportero del medio \u201cNVI Noticias\u201d, por parte de un grupo de mototaxistas, en Oaxaca. Exige se investiguen los hechos y se garantice la reparaci\u00f3n del da\u00f1o.<\/p>\n\n\n\n<p>El pasado 29 de abril, Tom\u00e1s acudi\u00f3 a documentar que hab\u00eda una persona lesionada en la v\u00eda p\u00fablica de la colonia Reforma Agraria. Cuando lleg\u00f3, presenci\u00f3 un conflicto entre mototaxistas, hecho que Tom\u00e1s transmiti\u00f3 a trav\u00e9s de la cuenta de Facebook del medio en el cual labora. Los sujetos en el conflicto se percataron de la presencia y transmisi\u00f3n de Tom\u00e1s y lo agredieron.<\/p>\n\n\n\n<p>El periodista dijo en entrevista con Art\u00edculo19:&nbsp;<\/p>\n\n\n\n<p>\u201cUno de ellos me golpe\u00f3 con un palo en la cabeza, afortunadamente yo ten\u00eda el casco de mi motocicleta puesto, inmediatamente otro sujeto me golpe\u00f3 en la cara, mientras una mujer me quit\u00f3 el celular, exigiendo que borrara el video a pesar de que expliqu\u00e9 que el video en vivo deb\u00eda bajarse desde la edici\u00f3n del medio\u201d.<\/p>\n\n\n\n<p>Adem\u00e1s de los golpes y el robo de celular de trabajo, otra persona integrante del grupo de mototaxistas arranc\u00f3 la mochila que Tom\u00e1s portaba en la espalda, la cual conten\u00eda una c\u00e1mara fotogr\u00e1fica con un lente extra, su celular personal, y documentos importantes.<\/p>\n\n\n\n<p>Las personas que lo agredieron s\u00f3lo lo dejaron ir bajo la siguiente condici\u00f3n: \u201cvas a tu peri\u00f3dico, borran el material y me llamas por tel\u00e9fono a tu mismo celular (el que le hab\u00edan quitado)\u201d. Una persona que presenci\u00f3 los hechos llam\u00f3 a una ambulancia, la cual llev\u00f3 a Tomas a un hospital para ser atendido.<\/p>\n\n\n\n<figure class=\"wp-block-embed-twitter wp-block-embed is-type-rich is-provider-twitter\"><div class=\"wp-block-embed__wrapper\">\n<div class=\"twitter-tweet\"><blockquote class=\"twitter-tweet\" data-lang=\"es\"><p lang=\"es\" dir=\"ltr\">\u26a0\ufe0f <a href=\"https:\/\/twitter.com\/hashtag\/ALERTA?src=hash&amp;ref_src=twsrc%5Etfw\">#ALERTA<\/a><br><br>ARTICLE 19 rechaza las lesiones, el robo de material de trabajo y el bloqueo informativo que sufri\u00f3 Tom\u00e1s Mart\u00ednez, reportero de <a href=\"https:\/\/twitter.com\/nvinoticiasoax?ref_src=twsrc%5Etfw\">@nvinoticiasoax<\/a>, por un grupo de mototaxistas, en <a href=\"https:\/\/twitter.com\/hashtag\/Oaxaca?src=hash&amp;ref_src=twsrc%5Etfw\">#Oaxaca<\/a>. <br><br>M\u00e1s informaci\u00f3n en:<br><br>\ud83d\udc49 <a href=\"https:\/\/t.co\/p1GGhrxiGl\">https:\/\/t.co\/p1GGhrxiGl<\/a> <a href=\"https:\/\/t.co\/X80yl3e1tU\">pic.twitter.com\/X80yl3e1tU<\/a><\/p>&mdash; ARTICLE 19 MX-CA (@article19mex) <a href=\"https:\/\/twitter.com\/article19mex\/status\/1389622095932395523?ref_src=twsrc%5Etfw\">4 de mayo de 2021<\/a><\/blockquote><\/div>\n<\/div><\/figure>\n\n\n\n<p>La dentadura del periodista fue da\u00f1ada, y no recuper\u00f3 sus pertenencias. Al respecto, en entrevista con Art\u00edculo 19 Tom\u00e1s coment\u00f3:<\/p>\n\n\n\n<p>\u201cEsta agresi\u00f3n implic\u00f3 afectaci\u00f3n en mi trabajo, porque perd\u00ed el directorio telef\u00f3nico -que poco a poco he recuperado- y perd\u00ed la c\u00e1mara, no puedo sacar fotos, afortunadamente la empresa me apoyar\u00e1 para poder seguir mi trabajo. Sobre los documentos personales, que me los hayan quitado implica generar tr\u00e1mites ante instancias correspondientes para recuperarlos. Creo que no podemos estar bajo la presi\u00f3n de alguien por hacer mi trabajo, por ello acud\u00ed a denunciar\u201d.<\/p>\n\n\n\n<p>Art\u00edculo 19 recuerda que la labor period\u00edstica implica tambi\u00e9n comunicar los hechos que ocurren en la comunidad, tanto los que se realizan en v\u00edas p\u00fablicas, como los que pueden afectar a la colectividad.<\/p>\n\n\n\n<p>Preocupa a Art\u00edculo 19 que la integridad del periodista se vea comprometida por los hechos descritos, o que el colectivo pueda tomar acciones de represalia al tener en posesi\u00f3n documentos personales del periodista.<\/p>\n","protected":false},"excerpt":{"rendered":"<p>Redacci\u00f3n\/Zona Roja. Ciudad de M\u00e9xico, 4 de mayo de 2021.- Art\u00edculo 19 rechaza las lesiones,&hellip;<\/p>\n","protected":false},"author":2,"featured_media":26798,"comment_status":"closed","ping_status":"open","sticky":false,"template":"","format":"standard","meta":{"_lmt_disableupdate":"","_lmt_disable":"","_jetpack_memberships_contains_paid_content":false,"footnotes":""},"categories":[109,47],"tags":[2643],"class_list":["post-26797","post","type-post","status-publish","format-standard","has-post-thumbnail","hentry","category-minuto-a-minuto","category-zona-gris","tag-tomas-martinez-juarez"],"jetpack_featured_media_url":"https:\/\/zonaroja.com.mx\/wp-content\/uploads\/2021\/05\/Tomas-Martinez-Juarez.jpg","jetpack_sharing_enabled":true,"_links":{"self":[{"href":"https:\/\/zonaroja.com.mx\/index.php?rest_route=\/wp\/v2\/posts\/26797","targetHints":{"allow":["GET"]}}],"collection":[{"href":"https:\/\/zonaroja.com.mx\/index.php?rest_route=\/wp\/v2\/posts"}],"about":[{"href":"https:\/\/zonaroja.com.mx\/index.php?rest_route=\/wp\/v2\/types\/post"}],"author":[{"embeddable":true,"href":"https:\/\/zonaroja.com.mx\/index.php?rest_route=\/wp\/v2\/users\/2"}],"replies":[{"embeddable":true,"href":"https:\/\/zonaroja.com.mx\/index.php?rest_route=%2Fwp%2Fv2%2Fcomments&post=26797"}],"version-history":[{"count":1,"href":"https:\/\/zonaroja.com.mx\/index.php?rest_route=\/wp\/v2\/posts\/26797\/revisions"}],"predecessor-version":[{"id":26799,"href":"https:\/\/zonaroja.com.mx\/index.php?rest_route=\/wp\/v2\/posts\/26797\/revisions\/26799"}],"wp:featuredmedia":[{"embeddable":true,"href":"https:\/\/zonaroja.com.mx\/index.php?rest_route=\/wp\/v2\/media\/26798"}],"wp:attachment":[{"href":"https:\/\/zonaroja.com.mx\/index.php?rest_route=%2Fwp%2Fv2%2Fmedia&parent=26797"}],"wp:term":[{"taxonomy":"category","embeddable":true,"href":"https:\/\/zonaroja.com.mx\/index.php?rest_route=%2Fwp%2Fv2%2Fcategories&post=26797"},{"taxonomy":"post_tag","embeddable":true,"href":"https:\/\/zonaroja.com.mx\/index.php?rest_route=%2Fwp%2Fv2%2Ftags&post=26797"}],"curies":[{"name":"wp","href":"https:\/\/api.w.org\/{rel}","templated":true}]}}