{"id":2680,"date":"2019-07-31T18:30:23","date_gmt":"2019-07-31T23:30:23","guid":{"rendered":"http:\/\/www.zonaroja.com.mx\/?p=2680"},"modified":"2019-07-31T18:40:47","modified_gmt":"2019-07-31T23:40:47","slug":"ante-endeble-acusacion-de-la-fiscalia-exculpan-a-dirigente-del-steuabjo","status":"publish","type":"post","link":"https:\/\/zonaroja.com.mx\/?p=2680","title":{"rendered":"Ante endeble acusaci\u00f3n de la Fiscal\u00eda, exculpan a dirigente del STEUABJO"},"content":{"rendered":"\n<p>Redacci\u00f3n<\/p>\n\n\n\n<p>Oaxaca de\nJu\u00e1rez, Oax., 31 de julio de 2019.- Debido a las insuficientes pruebas que\naport\u00f3 el Ministerio P\u00fablico de la Fiscal\u00eda General del Estado, el juez de la\ncausa determin\u00f3 hoy no someter a proceso judicial al dirigente del STEUABJO,\nFernando David L\u00f3pez Cruz.<\/p>\n\n\n\n<p>Fue el\npasado 25 de julio en que la instancia de procuraci\u00f3n de justicia acus\u00f3\nformalmente al secretario General del Sindicato de Trabajadores y Empleados de\nla Universidad Aut\u00f3noma \u201cBenito Ju\u00e1rez\u201d de Oaxaca, junto con el presidente del\nComit\u00e9 de Huelga, Andr\u00e9s Ismael Rodr\u00edguez L\u00f3pez.<\/p>\n\n\n\n<p>Lo anterior bajo\nel delito de bloque de vialidades, as\u00ed como \u201ctoma\u201d de las oficinas<\/p>\n\n\n\n<p>gubernamentales\nde Ciudad Administrativa del Gobierno del Estado, ubicadas en<\/p>\n\n\n\n<p>el municipio\nde Tlalixtac de Cabrera, acusaci\u00f3n sustentada en la causa penal 489\/2019 ante\nel Juzgado de Control de Valles Centrales, con sede en Tanivet, Tlacolula.<\/p>\n\n\n\n<p>Uno de los hechos de los que se le se\u00f1al\u00f3 fue bloquear el 9 de julio los accesos a las instalaciones de Ciudad Administrativa, as\u00ed como vialidades aleda\u00f1as.<\/p>\n\n\n\n<p>La orden de\naprehensi\u00f3n surgi\u00f3 de la carpeta de investigaci\u00f3n 23336\/FVCE\/OAX\/2019 iniciada\npor la Fiscal\u00eda General del Estado, por el delito de ataques a las v\u00edas de\ncomunicaci\u00f3n.<\/p>\n\n\n\n<p>En la\naudiencia de imputaci\u00f3n, del 25 de julio, ambos se reservaron el derecho a\ndeclarar y pidieron ampliaci\u00f3n del t\u00e9rmino constitucional.<\/p>\n\n\n\n<p>Este d\u00eda se\nreanud\u00f3 la audiencia, pero al no encontrar pruebas suficientes que sustentaran\nla imputaci\u00f3n, L\u00f3pez Cruz y Rodr\u00edguez L\u00f3pez fueron exculpados. <\/p>\n","protected":false},"excerpt":{"rendered":"<p>Redacci\u00f3n Oaxaca de Ju\u00e1rez, Oax., 31 de julio de 2019.- Debido a las insuficientes pruebas&hellip;<\/p>\n","protected":false},"author":2,"featured_media":2681,"comment_status":"closed","ping_status":"open","sticky":false,"template":"","format":"standard","meta":{"_lmt_disableupdate":"","_lmt_disable":"","_jetpack_memberships_contains_paid_content":false,"footnotes":""},"categories":[109,47],"tags":[442],"class_list":["post-2680","post","type-post","status-publish","format-standard","has-post-thumbnail","hentry","category-minuto-a-minuto","category-zona-gris","tag-sin-cargos-dirigente-steuabjo"],"jetpack_featured_media_url":"https:\/\/zonaroja.com.mx\/wp-content\/uploads\/2019\/07\/IMG_7469.jpg","jetpack_sharing_enabled":true,"_links":{"self":[{"href":"https:\/\/zonaroja.com.mx\/index.php?rest_route=\/wp\/v2\/posts\/2680","targetHints":{"allow":["GET"]}}],"collection":[{"href":"https:\/\/zonaroja.com.mx\/index.php?rest_route=\/wp\/v2\/posts"}],"about":[{"href":"https:\/\/zonaroja.com.mx\/index.php?rest_route=\/wp\/v2\/types\/post"}],"author":[{"embeddable":true,"href":"https:\/\/zonaroja.com.mx\/index.php?rest_route=\/wp\/v2\/users\/2"}],"replies":[{"embeddable":true,"href":"https:\/\/zonaroja.com.mx\/index.php?rest_route=%2Fwp%2Fv2%2Fcomments&post=2680"}],"version-history":[{"count":2,"href":"https:\/\/zonaroja.com.mx\/index.php?rest_route=\/wp\/v2\/posts\/2680\/revisions"}],"predecessor-version":[{"id":2683,"href":"https:\/\/zonaroja.com.mx\/index.php?rest_route=\/wp\/v2\/posts\/2680\/revisions\/2683"}],"wp:featuredmedia":[{"embeddable":true,"href":"https:\/\/zonaroja.com.mx\/index.php?rest_route=\/wp\/v2\/media\/2681"}],"wp:attachment":[{"href":"https:\/\/zonaroja.com.mx\/index.php?rest_route=%2Fwp%2Fv2%2Fmedia&parent=2680"}],"wp:term":[{"taxonomy":"category","embeddable":true,"href":"https:\/\/zonaroja.com.mx\/index.php?rest_route=%2Fwp%2Fv2%2Fcategories&post=2680"},{"taxonomy":"post_tag","embeddable":true,"href":"https:\/\/zonaroja.com.mx\/index.php?rest_route=%2Fwp%2Fv2%2Ftags&post=2680"}],"curies":[{"name":"wp","href":"https:\/\/api.w.org\/{rel}","templated":true}]}}