{"id":26803,"date":"2021-05-04T16:14:42","date_gmt":"2021-05-04T21:14:42","guid":{"rendered":"http:\/\/www.zonaroja.com.mx\/?p=26803"},"modified":"2021-05-04T16:14:46","modified_gmt":"2021-05-04T21:14:46","slug":"acusan-a-locutor-de-san-antonino-castillo-velasco-de-violencia-de-genero","status":"publish","type":"post","link":"https:\/\/zonaroja.com.mx\/?p=26803","title":{"rendered":"Acusan a locutor de San Antonino Castillo Velasco de violencia de g\u00e9nero"},"content":{"rendered":"\n<p>Evlin Arag\u00f3n\/Zona Roja.<\/p>\n\n\n\n<p>Oaxaca de Ju\u00e1rez, Oax., 4 de mayo de 2021.- Cuatro funcionarias del municipio de San Antonino Castillo Velasco acusaron al locutor de radio \u201cCalenda\u201d, Albino Rojas Ju\u00e1rez, alias \u201cEl Jarocho\u201d, de ejercer violencia de g\u00e9nero en su contra utilizando la frecuencia radial comunitaria para se\u00f1alarlas y cuestionarlas sobre su actuar personal y vestimenta, con la intenci\u00f3n de denostarlas y exponerlas al escrutinio p\u00fablico.&nbsp;<\/p>\n\n\n\n<p>Se trata de Judith Campos Aguilar, s\u00edndica municipal; Mar\u00eda de los \u00c1ngeles Santiago S\u00e1nchez, regidora de Educaci\u00f3n; Jazm\u00edn Mata S\u00e1nchez, procuradora municipal y directora de Ecolog\u00eda; y Anil\u00fa Isabel Raymundo S\u00e1nchez, directora de Salud y presidenta de DIF Municipal.&nbsp;<\/p>\n\n\n\n<p>\u201cHemos recibido infinidad de agresiones hacia nuestra persona y familias, pero no al trabajo que desempe\u00f1amos y que s\u00ed podr\u00eda ser cuestionado. Por el contrario, cr\u00edtica nuestra vestimenta y actuar fuera de la funci\u00f3n p\u00fablica\u201d, refiri\u00f3 Judith Campos Aguilar, s\u00edndica municipal.<\/p>\n\n\n\n<p>En conferencia de prensa, explicaron que el locutor hace mal uso de sus funciones y del medio de car\u00e1cter comunitario que deber\u00eda estar al servicio del pueblo y no sirviendo de herramienta para ejercer violencia en contra de las mujeres de la comunidad, a quienes incluso ha llamado \u201cperras\u201d.<\/p>\n\n\n\n<p>\u201cNos insulta y nos humilla. Personalmente he recibido agresiones de su persona e incita a la comunidad en general, sobre todo al sector masculino a faltarnos el respeto\u201d, manifest\u00f3 Mar\u00eda de los \u00c1ngeles Santiago S\u00e1nchez, la regidora de Educaci\u00f3n.<\/p>\n\n\n\n<p>Al respecto, aclar\u00f3 que el estar en un cargo p\u00fablico no le da el derecho a nadie de faltarles el respeto de manera personal y que, en caso de querer cuestionar la labor p\u00fablica, tendr\u00e1 que ser con argumentos s\u00f3lido y no a trav\u00e9s de denostaciones personales.&nbsp;<\/p>\n\n\n\n<p>De ah\u00ed que han presentado una denuncia ante la Fiscal\u00eda General del Estado de Oaxaca y eval\u00faan llevarla a otras instancias en defensa de los derechos de las mujeres.<\/p>\n\n\n\n<p>Mientras tanto, Jazm\u00edn Mata S\u00e1nchez, procuradora municipal y directora de Ecolog\u00eda, advirti\u00f3 que tambi\u00e9n ha sido vulnerada en sus derechos, se\u00f1alada e insultada por parte de dicho pseudo comunicador, que adem\u00e1s est\u00e1 siendo azuzado por el regidor de Hacienda del municipio.&nbsp;&nbsp;<\/p>\n\n\n\n<p>\u201cEstamos indignadas, no es posible que se nos menosprecie por el hecho de ser mujeres. A m\u00ed, de manera particular, me ha criticado por mi forma de vestir, se ha atrevido a decir que voy a un burdel\u201d, explic\u00f3.&nbsp;<\/p>\n\n\n\n<p>Finalmente, Anil\u00fa Isabel Raymundo S\u00e1nchez, directora de Salud y presidenta de DIF Municipal, relat\u00f3 que p\u00fablicamente el pseudo periodista la ha se\u00f1alado como amante de un funcionario municipal, lo anterior debido a que es una mujer soltera y la intenta difamar a como d\u00e9 lugar, al igual que a sus dem\u00e1s compa\u00f1eras.&nbsp;<\/p>\n\n\n\n<p>Por lo anterior dijo, en conjunto, iniciaran con una ruta jur\u00eddica en contra de dicho personaje con la intenci\u00f3n de que pare de ejercer violencia en contra de las cuatro funcionarias de quienes no tiene derecho de expresarse en torno a su vida personal y mucho menos con palabras que vulneran su integridad.&nbsp;&nbsp;<\/p>\n\n\n\n<p>Video de la conferencia:<\/p>\n\n\n\n<figure class=\"wp-block-embed\"><div class=\"wp-block-embed__wrapper\">\nhttps:\/\/fb.watch\/5h0NyPXIZp\/\n<\/div><\/figure>\n","protected":false},"excerpt":{"rendered":"<p>Evlin Arag\u00f3n\/Zona Roja. Oaxaca de Ju\u00e1rez, Oax., 4 de mayo de 2021.- Cuatro funcionarias del&hellip;<\/p>\n","protected":false},"author":2,"featured_media":26804,"comment_status":"closed","ping_status":"open","sticky":false,"template":"","format":"standard","meta":{"_lmt_disableupdate":"","_lmt_disable":"","_jetpack_memberships_contains_paid_content":false,"footnotes":""},"categories":[109,47],"tags":[200],"class_list":["post-26803","post","type-post","status-publish","format-standard","has-post-thumbnail","hentry","category-minuto-a-minuto","category-zona-gris","tag-san-antonino-castillo-velasco"],"jetpack_featured_media_url":"https:\/\/zonaroja.com.mx\/wp-content\/uploads\/2021\/05\/Regidoras-San-Antonino.png","jetpack_sharing_enabled":true,"_links":{"self":[{"href":"https:\/\/zonaroja.com.mx\/index.php?rest_route=\/wp\/v2\/posts\/26803","targetHints":{"allow":["GET"]}}],"collection":[{"href":"https:\/\/zonaroja.com.mx\/index.php?rest_route=\/wp\/v2\/posts"}],"about":[{"href":"https:\/\/zonaroja.com.mx\/index.php?rest_route=\/wp\/v2\/types\/post"}],"author":[{"embeddable":true,"href":"https:\/\/zonaroja.com.mx\/index.php?rest_route=\/wp\/v2\/users\/2"}],"replies":[{"embeddable":true,"href":"https:\/\/zonaroja.com.mx\/index.php?rest_route=%2Fwp%2Fv2%2Fcomments&post=26803"}],"version-history":[{"count":1,"href":"https:\/\/zonaroja.com.mx\/index.php?rest_route=\/wp\/v2\/posts\/26803\/revisions"}],"predecessor-version":[{"id":26805,"href":"https:\/\/zonaroja.com.mx\/index.php?rest_route=\/wp\/v2\/posts\/26803\/revisions\/26805"}],"wp:featuredmedia":[{"embeddable":true,"href":"https:\/\/zonaroja.com.mx\/index.php?rest_route=\/wp\/v2\/media\/26804"}],"wp:attachment":[{"href":"https:\/\/zonaroja.com.mx\/index.php?rest_route=%2Fwp%2Fv2%2Fmedia&parent=26803"}],"wp:term":[{"taxonomy":"category","embeddable":true,"href":"https:\/\/zonaroja.com.mx\/index.php?rest_route=%2Fwp%2Fv2%2Fcategories&post=26803"},{"taxonomy":"post_tag","embeddable":true,"href":"https:\/\/zonaroja.com.mx\/index.php?rest_route=%2Fwp%2Fv2%2Ftags&post=26803"}],"curies":[{"name":"wp","href":"https:\/\/api.w.org\/{rel}","templated":true}]}}