{"id":26807,"date":"2021-05-04T21:13:52","date_gmt":"2021-05-05T02:13:52","guid":{"rendered":"http:\/\/www.zonaroja.com.mx\/?p=26807"},"modified":"2021-05-04T21:15:46","modified_gmt":"2021-05-05T02:15:46","slug":"inicia-javier-villacana-su-campana-ofrece-recuperar-la-capital-de-oaxaca","status":"publish","type":"post","link":"https:\/\/zonaroja.com.mx\/?p=26807","title":{"rendered":"Inicia Javier Villaca\u00f1a su campa\u00f1a; ofrece sacar del abandono a la capital de Oaxaca"},"content":{"rendered":"\n<p>Redacci\u00f3n\/Zona Roja.<\/p>\n\n\n\n<p>Oaxaca de Ju\u00e1rez, Oax., 4 de mayo de 2021.- Este martes, la capital oaxaque\u00f1a vio por fin una nueva oportunidad de recuperar su brillo y grandeza inigualable.<\/p>\n\n\n\n<p>Javier Villaca\u00f1a Jim\u00e9nez, candidato de la coalici\u00f3n \u201cVa por Oaxaca\u201d a la presidencia municipal de la capital, inici\u00f3 una jornada de intenso trabajo para cumplir con su compromiso m\u00e1s s\u00f3lido: servir a la sociedad capitalina.<\/p>\n\n\n\n<p>Contagiado por el \u00e1nimo y las voces de unidad de la juventud oaxaque\u00f1a, el aspirante arranc\u00f3 su campa\u00f1a saludando a las y los ciudadanos en calles de la capital, recibiendo muestras de confianza y felicitaciones por su tenacidad para sacar del abandono a la ciudad.<\/p>\n\n\n\n<p>Acompa\u00f1ado por la secretaria general del Comit\u00e9 Estatal del PRI, Claudia del Carmen Silva Fern\u00e1ndez; Mariana Ben\u00edtez e integrantes de su planilla como: Pablo Alberto Ram\u00edrez Puga, M\u00f3nica Alarc\u00f3n, Jocabed Betanzos, el abanderado por el PAN, PRD y PRI comprob\u00f3 el respaldo y la voluntad de hombres y mujeres que anhelan cambiar con hechos y experiencia al municipio capitalino, como lo hizo durante el trienio que encabez\u00f3 hace dos administraciones.<\/p>\n\n\n\n<figure class=\"wp-block-embed-twitter wp-block-embed is-type-rich is-provider-twitter\"><div class=\"wp-block-embed__wrapper\">\n<div class=\"twitter-tweet\"><blockquote class=\"twitter-tweet\" data-lang=\"es\"><p lang=\"es\" dir=\"ltr\"><a href=\"https:\/\/twitter.com\/hashtag\/%C3%9AltimoMinuto?src=hash&amp;ref_src=twsrc%5Etfw\">#\u00daltimoMinuto<\/a> <br>Tras la aprobaci\u00f3n de las candidaturas a concejales por parte del <a href=\"https:\/\/twitter.com\/IEEPCO?ref_src=twsrc%5Etfw\">@IEEPCO<\/a>, as\u00ed inici\u00f3 en la calzada H\u00e9roes de Chapultepec de la ciudad de Oaxaca, la campa\u00f1a de <a href=\"https:\/\/twitter.com\/JavierVillacana?ref_src=twsrc%5Etfw\">@JavierVillacana<\/a>. <a href=\"https:\/\/t.co\/ceLDEoF4NT\">pic.twitter.com\/ceLDEoF4NT<\/a><\/p>&mdash; Zona Roja Oaxaca (@Zona_Roja_Oax) <a href=\"https:\/\/twitter.com\/Zona_Roja_Oax\/status\/1389663003054907394?ref_src=twsrc%5Etfw\">4 de mayo de 2021<\/a><\/blockquote><\/div>\n<\/div><\/figure>\n\n\n\n<p>\u201cVolver\u00e1n los tiempos de sembrar desarrollo y buenas acciones para Oaxaca\u201d, asegur\u00f3 Villaca\u00f1a Jim\u00e9nez a decenas de familias que transitaban por el crucero de la calzada H\u00e9roes de Chapultepec y con quienes pudo dialogar sobre sus propuestas que buscan poner a la capital oaxaque\u00f1a en la ruta correcta.<\/p>\n\n\n\n<p>Sonriente y decidido, Villaca\u00f1a Jim\u00e9nez destac\u00f3 que resultado de m\u00e1s 39 a\u00f1os de trabajo en las colonias de la ciudad, consolid\u00f3 una propuesta de 70 compromisos con la sociedad y 19 sectores que la integran, los cuales ser\u00e1n la columna vertebral de un trabajo de tiempo completo para devolver a Oaxaca los tiempos de glora que malos gobiernos le han arrebatado.<\/p>\n\n\n\n<p>Anunci\u00f3 que durante los 30 d\u00edas que dure su campa\u00f1a, firmar\u00e1 ante notario sus compromisos con los diferentes sectores sociales, donde estar\u00e1 de manifiesto su determinaci\u00f3n por detonar el desarrollo de la ciudad y garantizar que sus habitantes tengan la calidad de vida que se merecen.<\/p>\n","protected":false},"excerpt":{"rendered":"<p>Redacci\u00f3n\/Zona Roja. Oaxaca de Ju\u00e1rez, Oax., 4 de mayo de 2021.- Este martes, la capital&hellip;<\/p>\n","protected":false},"author":2,"featured_media":26808,"comment_status":"closed","ping_status":"open","sticky":false,"template":"","format":"standard","meta":{"_lmt_disableupdate":"","_lmt_disable":"","_jetpack_memberships_contains_paid_content":false,"footnotes":""},"categories":[109,46],"tags":[2456],"class_list":["post-26807","post","type-post","status-publish","format-standard","has-post-thumbnail","hentry","category-minuto-a-minuto","category-zona-blanca","tag-javier-villacana-jimenez"],"jetpack_featured_media_url":"https:\/\/zonaroja.com.mx\/wp-content\/uploads\/2021\/05\/Javier-Villacana-campana.jpg","jetpack_sharing_enabled":true,"_links":{"self":[{"href":"https:\/\/zonaroja.com.mx\/index.php?rest_route=\/wp\/v2\/posts\/26807","targetHints":{"allow":["GET"]}}],"collection":[{"href":"https:\/\/zonaroja.com.mx\/index.php?rest_route=\/wp\/v2\/posts"}],"about":[{"href":"https:\/\/zonaroja.com.mx\/index.php?rest_route=\/wp\/v2\/types\/post"}],"author":[{"embeddable":true,"href":"https:\/\/zonaroja.com.mx\/index.php?rest_route=\/wp\/v2\/users\/2"}],"replies":[{"embeddable":true,"href":"https:\/\/zonaroja.com.mx\/index.php?rest_route=%2Fwp%2Fv2%2Fcomments&post=26807"}],"version-history":[{"count":2,"href":"https:\/\/zonaroja.com.mx\/index.php?rest_route=\/wp\/v2\/posts\/26807\/revisions"}],"predecessor-version":[{"id":26810,"href":"https:\/\/zonaroja.com.mx\/index.php?rest_route=\/wp\/v2\/posts\/26807\/revisions\/26810"}],"wp:featuredmedia":[{"embeddable":true,"href":"https:\/\/zonaroja.com.mx\/index.php?rest_route=\/wp\/v2\/media\/26808"}],"wp:attachment":[{"href":"https:\/\/zonaroja.com.mx\/index.php?rest_route=%2Fwp%2Fv2%2Fmedia&parent=26807"}],"wp:term":[{"taxonomy":"category","embeddable":true,"href":"https:\/\/zonaroja.com.mx\/index.php?rest_route=%2Fwp%2Fv2%2Fcategories&post=26807"},{"taxonomy":"post_tag","embeddable":true,"href":"https:\/\/zonaroja.com.mx\/index.php?rest_route=%2Fwp%2Fv2%2Ftags&post=26807"}],"curies":[{"name":"wp","href":"https:\/\/api.w.org\/{rel}","templated":true}]}}