{"id":26820,"date":"2021-05-04T22:41:32","date_gmt":"2021-05-05T03:41:32","guid":{"rendered":"http:\/\/www.zonaroja.com.mx\/?p=26820"},"modified":"2021-05-04T22:41:38","modified_gmt":"2021-05-05T03:41:38","slug":"registro-oaxaca-este-martes-un-muerto-por-covid-cada-dos-horas","status":"publish","type":"post","link":"https:\/\/zonaroja.com.mx\/?p=26820","title":{"rendered":"Registr\u00f3 Oaxaca este martes un muerto por Covid cada dos horas"},"content":{"rendered":"\n<p>Redacci\u00f3n\/Zona Roja.<\/p>\n\n\n\n<p>Oaxaca de Ju\u00e1rez, Oax.&nbsp; 4 de mayo de 2021.- Los Servicios de Salud de Oaxaca (SSO) informaron que en las \u00faltimas 24 horas se notificaron 12 nuevos decesos y 98 contagios, para un global de tres mil 507 fallecimientos y 46 mil 114 casos acumulados.<\/p>\n\n\n\n<p>En un comunicado, la instituci\u00f3n detall\u00f3 que a la fecha se tiene un total de 75 mil 240 notificaciones, de las cuales en 24 mil 614 se descart\u00f3 la presencia del virus y cuatro mil 512 personas est\u00e1n como sospechosas, asimismo, se han recuperado 42 mil 338 pacientes que se contagiaron de la enfermedad.<\/p>\n\n\n\n<p>No obstante, expuso que hay una tendencia a la baja en casos activos de Covid-19, entre ambulatorios y hospitalizados, al registrar 269 pacientes que enfermaron en los \u00faltimos 14 d\u00edas.<\/p>\n\n\n\n<p>\u201cSin embargo, para que este comportamiento de la pandemia contin\u00fae descendiendo es necesario que la poblaci\u00f3n no descuide las medidas sanitarias, y respete en todo momento el uso de cubrebocas y distanciamiento social\u201d, detall\u00f3.<\/p>\n\n\n\n<figure class=\"wp-block-embed-twitter wp-block-embed is-type-rich is-provider-twitter\"><div class=\"wp-block-embed__wrapper\">\n<div class=\"twitter-tweet\"><blockquote class=\"twitter-tweet\" data-lang=\"es\"><p lang=\"es\" dir=\"ltr\"><a href=\"https:\/\/twitter.com\/hashtag\/%C3%9AltimoMinuto?src=hash&amp;ref_src=twsrc%5Etfw\">#\u00daltimoMinuto<\/a> <br>Este martes <a href=\"https:\/\/twitter.com\/hashtag\/Oaxaca?src=hash&amp;ref_src=twsrc%5Etfw\">#Oaxaca<\/a> registra 12 fallecimientos por Covid-19, con lo que suman tres mil 507 decesos. <br>Adem\u00e1s, 98 nuevos casos positivos, para un total de 46 mil 114 casos confirmados, informaron los Servicios de Salud. <a href=\"https:\/\/twitter.com\/hashtag\/Qu%C3%A9dateEnCasa?src=hash&amp;ref_src=twsrc%5Etfw\">#Qu\u00e9dateEnCasa<\/a>. <a href=\"https:\/\/t.co\/1xF7JTccu7\">pic.twitter.com\/1xF7JTccu7<\/a><\/p>&mdash; Zona Roja Oaxaca (@Zona_Roja_Oax) <a href=\"https:\/\/twitter.com\/Zona_Roja_Oax\/status\/1389754287824248832?ref_src=twsrc%5Etfw\">5 de mayo de 2021<\/a><\/blockquote><\/div>\n<\/div><\/figure>\n\n\n\n<p>Agreg\u00f3 que los casos nuevos reportados este d\u00eda se encuentran ubicados en 34 municipios, principalmente en Oaxaca de Ju\u00e1rez, zona que contabiliz\u00f3 34 pacientes, en segundo lugar se ubica la Heroica Ciudad de Juchit\u00e1n de Zaragoza con nueve contagios, San Pedro Mixtepec Distrito 22 con seis, as\u00ed como Santa Cruz Xoxocotl\u00e1n y Santa Luc\u00eda del Camino con cinco cada uno; el resto cuatro, tres, dos y un caso.<\/p>\n\n\n\n<p>A\u00f1adi\u00f3 que Valles Centrales acumul\u00f3 un total de 31 mil 488 positivos y mil 838 muertes, seguido del Istmo con tres mil 859 y 579 perdidas fatales, Tuxtepec dos mil 889 y 346 decesos, Costa dos mil 320 y 244 fallecimientos, Mixteca tres mil 932 y 340 muertes, Sierra mil 626 y 160 decesos.<\/p>\n\n\n\n<p>Hizo hincapi\u00e9 que del total de confirmados siete mil 647 personas han requerido atenci\u00f3n hospitalaria y 38 mil 467 han cursado la sintomatolog\u00eda en aislamiento domiciliario, con el seguimiento del padecimiento por el personal m\u00e9dico.<\/p>\n\n\n\n<p>Con respecto a las y los pacientes internados, coment\u00f3 que hay un total de 109 personas en todo el sector Salud, 16 fueron ingresados en las \u00faltimas 24 horas, para un total de 18.4% de ocupaci\u00f3n hospitalaria de manera general; cuatro nosocomios reportan el 100% de su capacidad.<\/p>\n","protected":false},"excerpt":{"rendered":"<p>Redacci\u00f3n\/Zona Roja. Oaxaca de Ju\u00e1rez, Oax.&nbsp; 4 de mayo de 2021.- Los Servicios de Salud&hellip;<\/p>\n","protected":false},"author":2,"featured_media":26821,"comment_status":"closed","ping_status":"open","sticky":false,"template":"","format":"standard","meta":{"_lmt_disableupdate":"","_lmt_disable":"","_jetpack_memberships_contains_paid_content":false,"footnotes":""},"categories":[109,47],"tags":[1512],"class_list":["post-26820","post","type-post","status-publish","format-standard","has-post-thumbnail","hentry","category-minuto-a-minuto","category-zona-gris","tag-coronavirus-oaxaca"],"jetpack_featured_media_url":"https:\/\/zonaroja.com.mx\/wp-content\/uploads\/2021\/05\/SSO4.jpg","jetpack_sharing_enabled":true,"_links":{"self":[{"href":"https:\/\/zonaroja.com.mx\/index.php?rest_route=\/wp\/v2\/posts\/26820","targetHints":{"allow":["GET"]}}],"collection":[{"href":"https:\/\/zonaroja.com.mx\/index.php?rest_route=\/wp\/v2\/posts"}],"about":[{"href":"https:\/\/zonaroja.com.mx\/index.php?rest_route=\/wp\/v2\/types\/post"}],"author":[{"embeddable":true,"href":"https:\/\/zonaroja.com.mx\/index.php?rest_route=\/wp\/v2\/users\/2"}],"replies":[{"embeddable":true,"href":"https:\/\/zonaroja.com.mx\/index.php?rest_route=%2Fwp%2Fv2%2Fcomments&post=26820"}],"version-history":[{"count":1,"href":"https:\/\/zonaroja.com.mx\/index.php?rest_route=\/wp\/v2\/posts\/26820\/revisions"}],"predecessor-version":[{"id":26822,"href":"https:\/\/zonaroja.com.mx\/index.php?rest_route=\/wp\/v2\/posts\/26820\/revisions\/26822"}],"wp:featuredmedia":[{"embeddable":true,"href":"https:\/\/zonaroja.com.mx\/index.php?rest_route=\/wp\/v2\/media\/26821"}],"wp:attachment":[{"href":"https:\/\/zonaroja.com.mx\/index.php?rest_route=%2Fwp%2Fv2%2Fmedia&parent=26820"}],"wp:term":[{"taxonomy":"category","embeddable":true,"href":"https:\/\/zonaroja.com.mx\/index.php?rest_route=%2Fwp%2Fv2%2Fcategories&post=26820"},{"taxonomy":"post_tag","embeddable":true,"href":"https:\/\/zonaroja.com.mx\/index.php?rest_route=%2Fwp%2Fv2%2Ftags&post=26820"}],"curies":[{"name":"wp","href":"https:\/\/api.w.org\/{rel}","templated":true}]}}