{"id":26823,"date":"2021-05-05T07:09:29","date_gmt":"2021-05-05T12:09:29","guid":{"rendered":"http:\/\/www.zonaroja.com.mx\/?p=26823"},"modified":"2021-05-05T07:09:32","modified_gmt":"2021-05-05T12:09:32","slug":"lluvias-dejan-un-muerto-en-tlacolula-oaxaca","status":"publish","type":"post","link":"https:\/\/zonaroja.com.mx\/?p=26823","title":{"rendered":"Lluvias dejan un muerto en Tlacolula, Oaxaca"},"content":{"rendered":"\n<p>Ismael Garc\u00eda M.\/Zona Roja.<\/p>\n\n\n\n<p>Oaxaca de Ju\u00e1rez, Oax., 5 de mayo de 2021.- Una tormenta ocurrida ayer por la tarde-noche en la regi\u00f3n Valles Centrales de Oaxaca dej\u00f3 como saldo una persona de la tercera edad fallecida y una menor de edad lesionada.<\/p>\n\n\n\n<p>La tragedia se registr\u00f3 ayer alrededor de las 19:30 horas en el paraje \u201cYacip\u201d del municipio de Tlacolula de Matamoros, donde cay\u00f3 una barda en una casa con techo de l\u00e1mina.<\/p>\n\n\n\n<p>En el lugar quedaron atrapadas varias personas, entre ellas un adulto, H\u00e9ctor Mart\u00ednez Mart\u00ednez, de 62 a\u00f1os de edad, quien perdi\u00f3 la vida, y una menor de ocho a\u00f1os de edad, Anah\u00ed O. H. M., quien result\u00f3 lesionada de gravedad.<\/p>\n\n\n\n<p>Elementos de la polic\u00eda municipal y de organismos civiles de socorro acudieron a brindar la ayuda correspondiente; la ni\u00f1a fue trasladada a un hospital.<\/p>\n\n\n\n<p>En esa zona tambi\u00e9n quedaron inundadas varias viviendas, al igual que en el fraccionamiento \u201cRancho Valle del Lago\u201d, la trompa aneg\u00f3 calles y llen\u00f3 de agua varias casas.<\/p>\n","protected":false},"excerpt":{"rendered":"<p>Ismael Garc\u00eda M.\/Zona Roja. Oaxaca de Ju\u00e1rez, Oax., 5 de mayo de 2021.- Una tormenta&hellip;<\/p>\n","protected":false},"author":2,"featured_media":26824,"comment_status":"closed","ping_status":"open","sticky":false,"template":"","format":"standard","meta":{"_lmt_disableupdate":"","_lmt_disable":"","_jetpack_memberships_contains_paid_content":false,"footnotes":""},"categories":[109,47],"tags":[127],"class_list":["post-26823","post","type-post","status-publish","format-standard","has-post-thumbnail","hentry","category-minuto-a-minuto","category-zona-gris","tag-tlacolula-de-matamoros"],"jetpack_featured_media_url":"https:\/\/zonaroja.com.mx\/wp-content\/uploads\/2021\/05\/Muerto-Tlacolula.jpg","jetpack_sharing_enabled":true,"_links":{"self":[{"href":"https:\/\/zonaroja.com.mx\/index.php?rest_route=\/wp\/v2\/posts\/26823","targetHints":{"allow":["GET"]}}],"collection":[{"href":"https:\/\/zonaroja.com.mx\/index.php?rest_route=\/wp\/v2\/posts"}],"about":[{"href":"https:\/\/zonaroja.com.mx\/index.php?rest_route=\/wp\/v2\/types\/post"}],"author":[{"embeddable":true,"href":"https:\/\/zonaroja.com.mx\/index.php?rest_route=\/wp\/v2\/users\/2"}],"replies":[{"embeddable":true,"href":"https:\/\/zonaroja.com.mx\/index.php?rest_route=%2Fwp%2Fv2%2Fcomments&post=26823"}],"version-history":[{"count":1,"href":"https:\/\/zonaroja.com.mx\/index.php?rest_route=\/wp\/v2\/posts\/26823\/revisions"}],"predecessor-version":[{"id":26825,"href":"https:\/\/zonaroja.com.mx\/index.php?rest_route=\/wp\/v2\/posts\/26823\/revisions\/26825"}],"wp:featuredmedia":[{"embeddable":true,"href":"https:\/\/zonaroja.com.mx\/index.php?rest_route=\/wp\/v2\/media\/26824"}],"wp:attachment":[{"href":"https:\/\/zonaroja.com.mx\/index.php?rest_route=%2Fwp%2Fv2%2Fmedia&parent=26823"}],"wp:term":[{"taxonomy":"category","embeddable":true,"href":"https:\/\/zonaroja.com.mx\/index.php?rest_route=%2Fwp%2Fv2%2Fcategories&post=26823"},{"taxonomy":"post_tag","embeddable":true,"href":"https:\/\/zonaroja.com.mx\/index.php?rest_route=%2Fwp%2Fv2%2Ftags&post=26823"}],"curies":[{"name":"wp","href":"https:\/\/api.w.org\/{rel}","templated":true}]}}