{"id":26826,"date":"2021-05-05T07:56:44","date_gmt":"2021-05-05T12:56:44","guid":{"rendered":"http:\/\/www.zonaroja.com.mx\/?p=26826"},"modified":"2021-05-05T07:56:49","modified_gmt":"2021-05-05T12:56:49","slug":"tragedia-de-25-muertos-irresponsabilidades-y-luto-nacional","status":"publish","type":"post","link":"https:\/\/zonaroja.com.mx\/?p=26826","title":{"rendered":"Tragedia de 25 muertos, irresponsabilidades\u2026 y luto nacional"},"content":{"rendered":"\n<p>Redacci\u00f3n\/Zona Roja Cdmx.<\/p>\n\n\n\n<p>Ciudad de M\u00e9xico, 5 de mayo de 2021.- El colapso del viaducto elevado de la l\u00ednea 12 del Sistema de Transporte Colectivo (STC) Metro, en su tramo entre las estaciones Olivos y Tezonco, dej\u00f3 25 decesos, 24 personas no localizadas, 68 hospitalizados y 18 lesionados, quienes ya fueron dados de alta, de acuerdo con el \u00faltimo reporte de Locatel al cierre de esta edici\u00f3n.<\/p>\n\n\n\n<p>El organismo inform\u00f3 que 23 cuerpos ya fueron identificados. Entre las personas que murieron y fueron identificadas aparecen los nombres de Jos\u00e9 Luis Hern\u00e1ndez Mart\u00ednez, de 60 a\u00f1os; Juan Luis D\u00edaz, 39 a\u00f1os; Melton Velasco L\u00f3pez, 46; Ang\u00e9lica Segura Osorio, 44; Liliana L\u00f3pez Garc\u00eda, 37; Mario Alberto Bautista S\u00e1nchez, 25; Immer del \u00c1guila Pineda, 29; Miguel \u00c1ngel V\u00e1zquez Castellanos, 24; Cristian L\u00f3pez Santiago, 41; Jes\u00fas Ba\u00f1os Garc\u00eda, 28.<\/p>\n\n\n\n<p>Por la noche de ayer, la Fiscal\u00eda General de Justicia de la Ciudad de M\u00e9xico confirm\u00f3 el que el menor, Brandon Giovanny, reportado como desaparecido, fue identificado por familiares a un d\u00eda del percance. Adem\u00e1s, inform\u00f3 sobre un protocolo para agilizar la entrega de los cuerpos.<\/p>\n\n\n\n<p>\u00abEs necesario se\u00f1alar que la aplicaci\u00f3n del Protocolo de Desastres permite a la Fiscal\u00eda reducir tiempos y agilizar la entrega de los cuerpos a sus familias, sin necesidad de practicarles una necropsia\u00bb, explic\u00f3 el organismo aut\u00f3nomo.<\/p>\n\n\n\n<p>La jefa de Gobierno, Claudia Sheinbaum, inform\u00f3 que se instal\u00f3 una mesa de di\u00e1logo para atender a los familiares de las v\u00edctimas.<\/p>\n\n\n\n<p>\u00abHay una mesa que se instal\u00f3 desde que estuve ah\u00ed, ayer (lunes) en la noche, para atender a los familiares de las v\u00edctimas y, por supuesto que la vamos a atender\u00bb, enfatiz\u00f3 la jefa de gobierno.<\/p>\n\n\n\n<p>DECRETAN LUTO NACIONAL<\/p>\n\n\n\n<p>El presidente de M\u00e9xico, Andr\u00e9s Manuel L\u00f3pez Obrador decret\u00f3 tres d\u00edas de luto nacional por el accidente ocurrido este lunes en la L\u00ednea 12 del Metro, en la Ciudad de M\u00e9xico.<\/p>\n\n\n\n<p>(Informaci\u00f3n de \u00abEl Heraldo de M\u00e9xico\u00bb)<\/p>\n","protected":false},"excerpt":{"rendered":"<p>Redacci\u00f3n\/Zona Roja Cdmx. Ciudad de M\u00e9xico, 5 de mayo de 2021.- El colapso del viaducto&hellip;<\/p>\n","protected":false},"author":2,"featured_media":26827,"comment_status":"closed","ping_status":"open","sticky":false,"template":"","format":"standard","meta":{"_lmt_disableupdate":"","_lmt_disable":"","_jetpack_memberships_contains_paid_content":false,"footnotes":""},"categories":[109,47],"tags":[2655],"class_list":["post-26826","post","type-post","status-publish","format-standard","has-post-thumbnail","hentry","category-minuto-a-minuto","category-zona-gris","tag-tragedia-metro-ciudad-de-mexico"],"jetpack_featured_media_url":"https:\/\/zonaroja.com.mx\/wp-content\/uploads\/2021\/05\/Tragedia-Metro-ciudad-de-Mexico.jpg","jetpack_sharing_enabled":true,"_links":{"self":[{"href":"https:\/\/zonaroja.com.mx\/index.php?rest_route=\/wp\/v2\/posts\/26826","targetHints":{"allow":["GET"]}}],"collection":[{"href":"https:\/\/zonaroja.com.mx\/index.php?rest_route=\/wp\/v2\/posts"}],"about":[{"href":"https:\/\/zonaroja.com.mx\/index.php?rest_route=\/wp\/v2\/types\/post"}],"author":[{"embeddable":true,"href":"https:\/\/zonaroja.com.mx\/index.php?rest_route=\/wp\/v2\/users\/2"}],"replies":[{"embeddable":true,"href":"https:\/\/zonaroja.com.mx\/index.php?rest_route=%2Fwp%2Fv2%2Fcomments&post=26826"}],"version-history":[{"count":1,"href":"https:\/\/zonaroja.com.mx\/index.php?rest_route=\/wp\/v2\/posts\/26826\/revisions"}],"predecessor-version":[{"id":26828,"href":"https:\/\/zonaroja.com.mx\/index.php?rest_route=\/wp\/v2\/posts\/26826\/revisions\/26828"}],"wp:featuredmedia":[{"embeddable":true,"href":"https:\/\/zonaroja.com.mx\/index.php?rest_route=\/wp\/v2\/media\/26827"}],"wp:attachment":[{"href":"https:\/\/zonaroja.com.mx\/index.php?rest_route=%2Fwp%2Fv2%2Fmedia&parent=26826"}],"wp:term":[{"taxonomy":"category","embeddable":true,"href":"https:\/\/zonaroja.com.mx\/index.php?rest_route=%2Fwp%2Fv2%2Fcategories&post=26826"},{"taxonomy":"post_tag","embeddable":true,"href":"https:\/\/zonaroja.com.mx\/index.php?rest_route=%2Fwp%2Fv2%2Ftags&post=26826"}],"curies":[{"name":"wp","href":"https:\/\/api.w.org\/{rel}","templated":true}]}}