{"id":26829,"date":"2021-05-05T08:00:51","date_gmt":"2021-05-05T13:00:51","guid":{"rendered":"http:\/\/www.zonaroja.com.mx\/?p=26829"},"modified":"2021-05-05T08:00:55","modified_gmt":"2021-05-05T13:00:55","slug":"opinion-pan-la-inmoralidad-como-espectaculo","status":"publish","type":"post","link":"https:\/\/zonaroja.com.mx\/?p=26829","title":{"rendered":"Opini\u00f3n. PAN: la inmoralidad como espect\u00e1culo"},"content":{"rendered":"\n<p>Gibr\u00e1n Ram\u00edrez Reyes*<\/p>\n\n\n\n<p>En la historia reciente, procesar penalmente gobernadores cuando se pasan de la raya no es una novedad. Hacerlo con los de Tamaulipas es un poco m\u00e1s frecuente todav\u00eda. Cuando detengan a Garc\u00eda Cabeza de Vaca habr\u00e1, en total, tres detenidos con esa condici\u00f3n.<\/p>\n\n\n\n<p>Lo que podr\u00eda ser novedoso es la desfachatez con que el PAN argumenta que el juicio de desafuero en su contra es un acto m\u00e1s bien autoritario e incluso reclama, con la Alianza Federalista, que el tema se haya vuelto un \u201cespect\u00e1culo p\u00fablico\u201d.<\/p>\n\n\n\n<p>Hace mucho tiempo, el PAN lleg\u00f3 a tener fuertes disputas por temas que adem\u00e1s de ideol\u00f3gicos eran morales y todav\u00eda hasta hace poco intentaban defender las buenas costumbres en la vida p\u00fablica, el Estado de Derecho al menos como simulaci\u00f3n. La desfachatez de hoy no la escenific\u00f3 ni siquiera el PRI con alguno de sus Duarte.<\/p>\n\n\n\n<p>El panismo ten\u00eda escrito ese guion de antemano quiz\u00e1 porque anticiparon que el presidente L\u00f3pez Obrador actuar\u00eda como ellos lo habr\u00edan hecho de encabezar el Poder Ejecutivo. Siempre est\u00e1 la tentaci\u00f3n de convertir los caminos de la justicia en un espect\u00e1culo.<\/p>\n\n\n\n<p>Estamos dispuestos para ello, entrenados previamente por series estadunidenses, por lo que entienden por \u201cjusticia\u201d los diarios de nota roja y porque nunca se comunica tan bien ese concepto como cuando se trata de agarrar a los malos, de encerrarlos.<\/p>\n\n\n\n<p>En el sexenio de Felipe Calder\u00f3n, el poder se entreg\u00f3 a esa tentaci\u00f3n, e inaugur\u00f3 una pornograf\u00eda de la violencia y el crimen, que serv\u00eda principalmente de propaganda para su gobierno. Garc\u00eda Luna no solo patrocin\u00f3 montajes de supuestas capturas, que debieron ser transmitidas en vivo por buena parte de los medios de comunicaci\u00f3n masiva, sin importar la relevancia que tuvieran para la rep\u00fablica.<\/p>\n\n\n\n<p>\u00bfA qui\u00e9n le interesar\u00eda sino a los aficionados al espect\u00e1culo la captura de delincuentes comunes? Por si eso no fuera suficiente, las producciones de Garc\u00eda Luna, ideadas sin duda tambi\u00e9n por Felipe Calder\u00f3n, nos recetaron tambi\u00e9n series de televisi\u00f3n como El equipo, donde pod\u00eda verse claramente que los polic\u00edas y funcionarios son los buenos, y los criminales son los malos.<\/p>\n\n\n\n<p>Eso tuvo algo de aut\u00e9nticamente constitutivo de la dimensi\u00f3n moral del panismo contempor\u00e1neo, y algo del t\u00edpico grito de \u00a1al ladr\u00f3n! El contraste con el gobierno actual no podr\u00eda ser mayor.<\/p>\n\n\n\n<p>No solo las filtraciones \u2013que fueron uno de los medios primordiales que sostuvieron la relaci\u00f3n entre el gobierno y la prensa\u2014 se han reducido en esto al m\u00ednimo, sino que el gobierno ha renunciado pr\u00e1cticamente a la propaganda t\u00edpica de la persecuci\u00f3n a los criminales.<\/p>\n\n\n\n<p>No solo el crimen de pol\u00edticos tan importantes deja de volverse espect\u00e1culo, no hay audios ni videos en los medios, testimonios escandalosos repetidos, series de televisi\u00f3n que cuenten la \u00e9pica de los polic\u00edas anticorrupci\u00f3n, sino que a veces ni siquiera se explica con contundencia, como si se quisiera no herir m\u00e1s el contrahecho espacio pol\u00edtico mexicano.<\/p>\n\n\n\n<p>Si se considera eso, las manifestaciones de los gobernadores de Acci\u00f3n Nacional (GOAN) y de la Alianza Federalista no ser\u00edan solamente anticlim\u00e1ticas, sino que se explicar\u00edan primordialmente por el cinismo, el temor, o por una mezcla extra\u00f1a entre ambos.<\/p>\n\n\n\n<p>El panismo, del espect\u00e1culo de la seguridad ha pasado a espectacularizar su propia inmoralidad.<\/p>\n\n\n\n<p>*Doctor en Ciencia Pol\u00edtica por la UNAM.<\/p>\n","protected":false},"excerpt":{"rendered":"<p>Gibr\u00e1n Ram\u00edrez Reyes* En la historia reciente, procesar penalmente gobernadores cuando se pasan de la&hellip;<\/p>\n","protected":false},"author":2,"featured_media":24099,"comment_status":"closed","ping_status":"open","sticky":false,"template":"","format":"standard","meta":{"_lmt_disableupdate":"","_lmt_disable":"","_jetpack_memberships_contains_paid_content":false,"footnotes":""},"categories":[456,109,46],"tags":[2489],"class_list":["post-26829","post","type-post","status-publish","format-standard","has-post-thumbnail","hentry","category-columna","category-minuto-a-minuto","category-zona-blanca","tag-gibran-ramirez-reyes"],"jetpack_featured_media_url":"https:\/\/zonaroja.com.mx\/wp-content\/uploads\/2021\/02\/Gibran-Ramirez-Reyes.jpg","jetpack_sharing_enabled":true,"_links":{"self":[{"href":"https:\/\/zonaroja.com.mx\/index.php?rest_route=\/wp\/v2\/posts\/26829","targetHints":{"allow":["GET"]}}],"collection":[{"href":"https:\/\/zonaroja.com.mx\/index.php?rest_route=\/wp\/v2\/posts"}],"about":[{"href":"https:\/\/zonaroja.com.mx\/index.php?rest_route=\/wp\/v2\/types\/post"}],"author":[{"embeddable":true,"href":"https:\/\/zonaroja.com.mx\/index.php?rest_route=\/wp\/v2\/users\/2"}],"replies":[{"embeddable":true,"href":"https:\/\/zonaroja.com.mx\/index.php?rest_route=%2Fwp%2Fv2%2Fcomments&post=26829"}],"version-history":[{"count":1,"href":"https:\/\/zonaroja.com.mx\/index.php?rest_route=\/wp\/v2\/posts\/26829\/revisions"}],"predecessor-version":[{"id":26830,"href":"https:\/\/zonaroja.com.mx\/index.php?rest_route=\/wp\/v2\/posts\/26829\/revisions\/26830"}],"wp:featuredmedia":[{"embeddable":true,"href":"https:\/\/zonaroja.com.mx\/index.php?rest_route=\/wp\/v2\/media\/24099"}],"wp:attachment":[{"href":"https:\/\/zonaroja.com.mx\/index.php?rest_route=%2Fwp%2Fv2%2Fmedia&parent=26829"}],"wp:term":[{"taxonomy":"category","embeddable":true,"href":"https:\/\/zonaroja.com.mx\/index.php?rest_route=%2Fwp%2Fv2%2Fcategories&post=26829"},{"taxonomy":"post_tag","embeddable":true,"href":"https:\/\/zonaroja.com.mx\/index.php?rest_route=%2Fwp%2Fv2%2Ftags&post=26829"}],"curies":[{"name":"wp","href":"https:\/\/api.w.org\/{rel}","templated":true}]}}