{"id":26831,"date":"2021-05-05T08:14:00","date_gmt":"2021-05-05T13:14:00","guid":{"rendered":"http:\/\/www.zonaroja.com.mx\/?p=26831"},"modified":"2021-05-05T08:14:04","modified_gmt":"2021-05-05T13:14:04","slug":"el-poder-judicial-de-oaxaca-promueve-derechos-de-la-ninez","status":"publish","type":"post","link":"https:\/\/zonaroja.com.mx\/?p=26831","title":{"rendered":"El Poder Judicial de Oaxaca promueve derechos de la ni\u00f1ez"},"content":{"rendered":"\n<p>Redacci\u00f3n\/Zona Roja.<\/p>\n\n\n\n<p>Oaxaca de Ju\u00e1rez, Oax., 5 de mayo de 2021.- Desde la perspectiva de la cultura de los derechos humanos, resulta fundamental promover aquellos que corresponden a la familia y en especial a las y los infantes y adolescentes; por ello, en el marco del D\u00eda de la Ni\u00f1a y el Ni\u00f1o, que se celebra el 30 de abril, el Poder Judicial del Estado a trav\u00e9s de la Direcci\u00f3n de Derechos Humanos, dedica a estos temas parte la edici\u00f3n n\u00famero quince del bolet\u00edn digital Derechos Humanos, G\u00e9nero y Justicia.<\/p>\n\n\n\n<p>En la publicaci\u00f3n digital, disponible para su consulta y descarga, la polit\u00f3loga Mariana Arag\u00f3n Mijangos en el art\u00edculo \u201cCrisis de cuidados en M\u00e9xico\u201d, hace referencia a todo lo que la pandemia dej\u00f3 al descubierto con lo que ocurre al interior de las familias respecto a la distribuci\u00f3n de las labores dom\u00e9sticas y la manera en que las cargas de trabajo limitan particularmente a las madres en la labor de fortalecer el desarrollo propio y de sus hijos o hijas.<\/p>\n\n\n\n<p>Destaca que en las \u00faltimas d\u00e9cadas, la creciente incorporaci\u00f3n de las mam\u00e1s al mundo laboral ha generado la necesidad establecer un equilibrio entre el trabajo y el cuidado de hijas e hijos, para lo cual, en un contexto anterior a la pandemia, madres y padres deb\u00edan enfrentar diferentes gastos entre ellos los servicios de guarder\u00eda o estancias infantiles.<\/p>\n\n\n\n<p>Otro de los art\u00edculos \u201cDerechos de ni\u00f1as y ni\u00f1os con madres privadas de libertad\u201d, de la autor\u00eda de la licenciada Elizabeth Rivera Arrazola, tiene como objetivo visualizar algunos de los derechos de ni\u00f1as y ni\u00f1os que viven con sus madres privadas de la libertad y si \u00e9stos son garantizados; as\u00ed como la serie de medidas que se requieren por parte de las autoridades encargadas de la reinserci\u00f3n social.<\/p>\n\n\n\n<p>Por otra parte, el an\u00e1lisis \u201cLos impactos significativos a comunidades ind\u00edgenas \u00bfson un par\u00e1metro para la implementaci\u00f3n de la consulta libre, previa e informada en M\u00e9xico?\u201d, de Ariadna Marcela Ortega Romero y Liliana Garay Cartas, cofundadoras del Centro de Ciencias Jur\u00eddicas y Sociales CUIMARI, explica los impactos que ha tenido la consulta libre, previa e informada de las comunidades ind\u00edgenas, como ejercicios de participaci\u00f3n ciudadana y enriquecedora de la cultura.<\/p>\n\n\n\n<p>A la edici\u00f3n n\u00famero quince del bolet\u00edn digital Derechos Humanos, G\u00e9nero y Justicia se puede ingresar desde el enlace https:\/\/cutt.ly\/kbkyVh2. Tambi\u00e9n se encuentra disponible en las redes institucionales de la Direcci\u00f3n de Derechos Humanos del Consejo de la Judicatura del Poder Judicial.<\/p>\n","protected":false},"excerpt":{"rendered":"<p>Redacci\u00f3n\/Zona Roja. Oaxaca de Ju\u00e1rez, Oax., 5 de mayo de 2021.- Desde la perspectiva de&hellip;<\/p>\n","protected":false},"author":2,"featured_media":26832,"comment_status":"closed","ping_status":"open","sticky":false,"template":"","format":"standard","meta":{"_lmt_disableupdate":"","_lmt_disable":"","_jetpack_memberships_contains_paid_content":false,"footnotes":""},"categories":[109,46],"tags":[223],"class_list":["post-26831","post","type-post","status-publish","format-standard","has-post-thumbnail","hentry","category-minuto-a-minuto","category-zona-blanca","tag-poder-judicial-de-oaxaca"],"jetpack_featured_media_url":"https:\/\/zonaroja.com.mx\/wp-content\/uploads\/2021\/05\/Revista-digital.jpg","jetpack_sharing_enabled":true,"_links":{"self":[{"href":"https:\/\/zonaroja.com.mx\/index.php?rest_route=\/wp\/v2\/posts\/26831","targetHints":{"allow":["GET"]}}],"collection":[{"href":"https:\/\/zonaroja.com.mx\/index.php?rest_route=\/wp\/v2\/posts"}],"about":[{"href":"https:\/\/zonaroja.com.mx\/index.php?rest_route=\/wp\/v2\/types\/post"}],"author":[{"embeddable":true,"href":"https:\/\/zonaroja.com.mx\/index.php?rest_route=\/wp\/v2\/users\/2"}],"replies":[{"embeddable":true,"href":"https:\/\/zonaroja.com.mx\/index.php?rest_route=%2Fwp%2Fv2%2Fcomments&post=26831"}],"version-history":[{"count":1,"href":"https:\/\/zonaroja.com.mx\/index.php?rest_route=\/wp\/v2\/posts\/26831\/revisions"}],"predecessor-version":[{"id":26833,"href":"https:\/\/zonaroja.com.mx\/index.php?rest_route=\/wp\/v2\/posts\/26831\/revisions\/26833"}],"wp:featuredmedia":[{"embeddable":true,"href":"https:\/\/zonaroja.com.mx\/index.php?rest_route=\/wp\/v2\/media\/26832"}],"wp:attachment":[{"href":"https:\/\/zonaroja.com.mx\/index.php?rest_route=%2Fwp%2Fv2%2Fmedia&parent=26831"}],"wp:term":[{"taxonomy":"category","embeddable":true,"href":"https:\/\/zonaroja.com.mx\/index.php?rest_route=%2Fwp%2Fv2%2Fcategories&post=26831"},{"taxonomy":"post_tag","embeddable":true,"href":"https:\/\/zonaroja.com.mx\/index.php?rest_route=%2Fwp%2Fv2%2Ftags&post=26831"}],"curies":[{"name":"wp","href":"https:\/\/api.w.org\/{rel}","templated":true}]}}