{"id":26834,"date":"2021-05-05T08:18:20","date_gmt":"2021-05-05T13:18:20","guid":{"rendered":"http:\/\/www.zonaroja.com.mx\/?p=26834"},"modified":"2021-05-05T08:18:23","modified_gmt":"2021-05-05T13:18:23","slug":"por-primera-vez-trabajadores-de-la-educacion-rendiran-declaracion-patrimonial","status":"publish","type":"post","link":"https:\/\/zonaroja.com.mx\/?p=26834","title":{"rendered":"Por primera vez, trabajadores de la educaci\u00f3n rendir\u00e1n declaraci\u00f3n patrimonial"},"content":{"rendered":"\n<p>Redacci\u00f3n\/Zona Roja.<\/p>\n\n\n\n<p>Oaxaca de Ju\u00e1rez, Oax., 5 de mayo de 2021.- Conforme lo establecen los art\u00edculos 32 y 33 de la Ley General de Responsabilidades Administrativas, todos los trabajadores de la educaci\u00f3n deben rendir su Declaraci\u00f3n de Situaci\u00f3n Patrimonial y de Intereses 2021, por lo cual el Instituto Estatal de Educaci\u00f3n P\u00fablica de Oaxaca (IEEPO), les exhorta a cumplir con esta responsabilidad en tiempo y forma.<\/p>\n\n\n\n<p>Derivado de recientes modificaciones a la ley, este ser\u00e1 el primer a\u00f1o en el que el magisterio tendr\u00e1 la obligaci\u00f3n como servidores p\u00fablicos, de presentar dicha declaraci\u00f3n, misma que es un instrumento que permite fortalecer la transparencia y rendici\u00f3n de cuentas.<\/p>\n\n\n\n<p>De conformidad con los Acuerdos publicados en el Diario Oficial de la Federaci\u00f3n el 14 de julio de 2017 y 24 de diciembre de 2019, emitidos por el Comit\u00e9 Coordinador del Sistema Nacional Anticorrupci\u00f3n, docentes, personal de Apoyo y Asistencia a la Educaci\u00f3n (PAEE) y dem\u00e1s servidores p\u00fablicos del Instituto Estatal de Educaci\u00f3n P\u00fablica de Oaxaca, deber\u00e1n realizar a partir de este a\u00f1o su Declaraci\u00f3n de Situaci\u00f3n Patrimonial y de Intereses.<\/p>\n\n\n\n<p>Los plazos son los siguientes: en lo que corresponde a Declaraci\u00f3n inicial, dentro de los sesenta d\u00edas naturales siguientes a la toma de posesi\u00f3n con motivo del ingreso al servicio p\u00fablico por primera vez o reingreso al servicio p\u00fablico despu\u00e9s de sesenta d\u00edas naturales de la conclusi\u00f3n de su \u00faltimo encargo.<\/p>\n\n\n\n<p>Las maestras y maestros, Personal de Apoyo y Asistencia a la Educaci\u00f3n y todos los dem\u00e1s servidores p\u00fablicos del Instituto Estatal de Educaci\u00f3n P\u00fablica de Oaxaca, que no hab\u00edan presentado su declaraci\u00f3n de situaci\u00f3n patrimonial y conflicto de intereses, deber\u00e1n realizar su primera declaraci\u00f3n durante el mes de mayo de 2021.<\/p>\n\n\n\n<p>La Declaraci\u00f3n de Modificaci\u00f3n Patrimonial, debe presentarse durante el mes de mayo de cada a\u00f1o, y la Declaraci\u00f3n de conclusi\u00f3n del encargo, dentro de los sesenta d\u00edas naturales siguientes a la conclusi\u00f3n. Los formatos correspondientes, a partir del 1 de mayo de 2021, ser\u00e1n operables en el \u00e1mbito estatal y municipal y se pueden encontrar en <a href=\"https:\/\/www.oaxaca.gob.mx\/sctg\/declaracion-de-situacion-patrimonial\/\">https:\/\/www.oaxaca.gob.mx\/sctg\/declaracion-de-situacion-patrimonial\/<\/a><\/p>\n\n\n\n<p>El Art\u00edculo 49 de la Ley General de Responsabilidades Administrativas establece que incurrir\u00e1 en Falta administrativa no grave la o el servidor p\u00fablico cuyos actos u omisiones incumplan o transgredan lo contenido en las obligaciones de presentar en tiempo y forma las declaraciones de situaci\u00f3n patrimonial y de intereses, en los t\u00e9rminos establecidos.<\/p>\n\n\n\n<p>El IEEPO cuenta el n\u00famero 800 433 76 15 y el servicio de chat en l\u00ednea en la p\u00e1gina web institucional www.oaxaca.gob.mx\/ieepo, de lunes a viernes en un horario de 8:00 a 14:00 horas, para orientaci\u00f3n sobre tr\u00e1mites y servicios.<\/p>\n","protected":false},"excerpt":{"rendered":"<p>Redacci\u00f3n\/Zona Roja. Oaxaca de Ju\u00e1rez, Oax., 5 de mayo de 2021.- Conforme lo establecen los&hellip;<\/p>\n","protected":false},"author":2,"featured_media":26835,"comment_status":"closed","ping_status":"open","sticky":false,"template":"","format":"standard","meta":{"_lmt_disableupdate":"","_lmt_disable":"","_jetpack_memberships_contains_paid_content":false,"footnotes":""},"categories":[109,46],"tags":[599],"class_list":["post-26834","post","type-post","status-publish","format-standard","has-post-thumbnail","hentry","category-minuto-a-minuto","category-zona-blanca","tag-instituto-estatal-de-educacion-publica-de-oaxaca"],"jetpack_featured_media_url":"https:\/\/zonaroja.com.mx\/wp-content\/uploads\/2021\/05\/01-IEEPO-2.jpg","jetpack_sharing_enabled":true,"_links":{"self":[{"href":"https:\/\/zonaroja.com.mx\/index.php?rest_route=\/wp\/v2\/posts\/26834","targetHints":{"allow":["GET"]}}],"collection":[{"href":"https:\/\/zonaroja.com.mx\/index.php?rest_route=\/wp\/v2\/posts"}],"about":[{"href":"https:\/\/zonaroja.com.mx\/index.php?rest_route=\/wp\/v2\/types\/post"}],"author":[{"embeddable":true,"href":"https:\/\/zonaroja.com.mx\/index.php?rest_route=\/wp\/v2\/users\/2"}],"replies":[{"embeddable":true,"href":"https:\/\/zonaroja.com.mx\/index.php?rest_route=%2Fwp%2Fv2%2Fcomments&post=26834"}],"version-history":[{"count":1,"href":"https:\/\/zonaroja.com.mx\/index.php?rest_route=\/wp\/v2\/posts\/26834\/revisions"}],"predecessor-version":[{"id":26836,"href":"https:\/\/zonaroja.com.mx\/index.php?rest_route=\/wp\/v2\/posts\/26834\/revisions\/26836"}],"wp:featuredmedia":[{"embeddable":true,"href":"https:\/\/zonaroja.com.mx\/index.php?rest_route=\/wp\/v2\/media\/26835"}],"wp:attachment":[{"href":"https:\/\/zonaroja.com.mx\/index.php?rest_route=%2Fwp%2Fv2%2Fmedia&parent=26834"}],"wp:term":[{"taxonomy":"category","embeddable":true,"href":"https:\/\/zonaroja.com.mx\/index.php?rest_route=%2Fwp%2Fv2%2Fcategories&post=26834"},{"taxonomy":"post_tag","embeddable":true,"href":"https:\/\/zonaroja.com.mx\/index.php?rest_route=%2Fwp%2Fv2%2Ftags&post=26834"}],"curies":[{"name":"wp","href":"https:\/\/api.w.org\/{rel}","templated":true}]}}