{"id":2684,"date":"2019-07-31T19:01:30","date_gmt":"2019-08-01T00:01:30","guid":{"rendered":"http:\/\/www.zonaroja.com.mx\/?p=2684"},"modified":"2019-07-31T19:01:32","modified_gmt":"2019-08-01T00:01:32","slug":"autoridades-de-comunidades-indigenas-deben-tambien-ser-sujetas-a-la-ddhpo","status":"publish","type":"post","link":"https:\/\/zonaroja.com.mx\/?p=2684","title":{"rendered":"Autoridades de comunidades ind\u00edgenas deben tambi\u00e9n ser sujetas a la DDHPO"},"content":{"rendered":"\n<p>Redacci\u00f3n<\/p>\n\n\n\n<p>San Raymundo\nJalpan, Oax., 31 de julio de 2019.- El reconocimiento jur\u00eddico de la\nautodeterminaci\u00f3n de los pueblos y comunidades ind\u00edgenas no deber\u00eda impedir que\nlas autoridades de estas demarcaciones sean investigadas por posibles\nviolaciones a los derechos humanos.<\/p>\n\n\n\n<p>No hacerlo deja\nen indefensi\u00f3n a sus propios habitantes y a toda persona que sea objeto de\nagresiones, consider\u00f3 la diputada presidenta de la Comisi\u00f3n Permanente de\nDerechos Humanos, Magaly L\u00f3pez Dom\u00ednguez.<\/p>\n\n\n\n<p>Se\u00f1al\u00f3 que la\nimposibilidad de la Defensor\u00eda de los Derechos Humanos del Pueblo de Oaxaca\n(DDHPO) para investigar las posibles violaciones a los Derechos Humanos, por\nparte de autoridades ind\u00edgenas. implica la desprotecci\u00f3n de los derechos de\ntoda persona que pudiera verse o sentirse afectadas por los actos o\nresoluciones de dichas autoridades.<\/p>\n\n\n\n<p>Lo cual\nderiva en una franca contradicci\u00f3n con lo establecido en el art\u00edculo 102 de la\nConstituci\u00f3n Pol\u00edtica, en donde se se\u00f1ala que las Legislaturas de las entidades\nfederativas investigar\u00edan actos u omisiones de naturaleza administrativa\nproveniente de cualquier autoridad, dijo.<\/p>\n\n\n\n<p>\u201cEs\nnecesario garantizar a los habitantes de comunidades y municipios ind\u00edgenas,\nas\u00ed como a cualquier persona la protecci\u00f3n a sus derechos humanos provenientes\nde autoridades ind\u00edgenas\u201d, consider\u00f3 la legisladora por el Partido Morena.<\/p>\n\n\n\n<p>Por ello propuso\nhoy ante el pleno legislativo la reforma a los art\u00edculos 5 y 13 de la Ley de la\nDefensor\u00eda de los Derechos Humanos del Pueblo de Oaxaca; con ello, este \u00f3rgano\naut\u00f3nomo tendr\u00eda competencia para conocer e investigar presuntas violaciones\npor parte de autoridades de los pueblos o comunidades ind\u00edgenas.<\/p>\n\n\n\n<p>La propuesta\nde la diputada Magaly L\u00f3pez Dom\u00ednguez fue turnada para su an\u00e1lisis a la\nComisi\u00f3n Permanente de Derechos Humanos de la 64 Legislatura local.&nbsp; <\/p>\n","protected":false},"excerpt":{"rendered":"<p>Redacci\u00f3n San Raymundo Jalpan, Oax., 31 de julio de 2019.- El reconocimiento jur\u00eddico de la&hellip;<\/p>\n","protected":false},"author":2,"featured_media":2685,"comment_status":"closed","ping_status":"open","sticky":false,"template":"","format":"standard","meta":{"_lmt_disableupdate":"","_lmt_disable":"","_jetpack_memberships_contains_paid_content":false,"footnotes":""},"categories":[109,46],"tags":[],"class_list":["post-2684","post","type-post","status-publish","format-standard","has-post-thumbnail","hentry","category-minuto-a-minuto","category-zona-blanca"],"jetpack_featured_media_url":"https:\/\/zonaroja.com.mx\/wp-content\/uploads\/2019\/07\/Dip-Magaly-L\u00f3pez.jpg","jetpack_sharing_enabled":true,"_links":{"self":[{"href":"https:\/\/zonaroja.com.mx\/index.php?rest_route=\/wp\/v2\/posts\/2684","targetHints":{"allow":["GET"]}}],"collection":[{"href":"https:\/\/zonaroja.com.mx\/index.php?rest_route=\/wp\/v2\/posts"}],"about":[{"href":"https:\/\/zonaroja.com.mx\/index.php?rest_route=\/wp\/v2\/types\/post"}],"author":[{"embeddable":true,"href":"https:\/\/zonaroja.com.mx\/index.php?rest_route=\/wp\/v2\/users\/2"}],"replies":[{"embeddable":true,"href":"https:\/\/zonaroja.com.mx\/index.php?rest_route=%2Fwp%2Fv2%2Fcomments&post=2684"}],"version-history":[{"count":1,"href":"https:\/\/zonaroja.com.mx\/index.php?rest_route=\/wp\/v2\/posts\/2684\/revisions"}],"predecessor-version":[{"id":2686,"href":"https:\/\/zonaroja.com.mx\/index.php?rest_route=\/wp\/v2\/posts\/2684\/revisions\/2686"}],"wp:featuredmedia":[{"embeddable":true,"href":"https:\/\/zonaroja.com.mx\/index.php?rest_route=\/wp\/v2\/media\/2685"}],"wp:attachment":[{"href":"https:\/\/zonaroja.com.mx\/index.php?rest_route=%2Fwp%2Fv2%2Fmedia&parent=2684"}],"wp:term":[{"taxonomy":"category","embeddable":true,"href":"https:\/\/zonaroja.com.mx\/index.php?rest_route=%2Fwp%2Fv2%2Fcategories&post=2684"},{"taxonomy":"post_tag","embeddable":true,"href":"https:\/\/zonaroja.com.mx\/index.php?rest_route=%2Fwp%2Fv2%2Ftags&post=2684"}],"curies":[{"name":"wp","href":"https:\/\/api.w.org\/{rel}","templated":true}]}}