{"id":26840,"date":"2021-05-05T16:15:59","date_gmt":"2021-05-05T21:15:59","guid":{"rendered":"http:\/\/www.zonaroja.com.mx\/?p=26840"},"modified":"2021-05-05T16:16:02","modified_gmt":"2021-05-05T21:16:02","slug":"un-ejecutado-tres-heridos-y-dos-detenidos-en-jornada-violenta-en-cuenca-y-valles","status":"publish","type":"post","link":"https:\/\/zonaroja.com.mx\/?p=26840","title":{"rendered":"Un ejecutado, tres heridos y dos detenidos, en jornada violenta en Cuenca y Valles"},"content":{"rendered":"\n<p>Redacci\u00f3n\/Zona Roja.<\/p>\n\n\n\n<p>Oaxaca de Ju\u00e1rez, Oax.,. 5 de mayo de 2021.- En el transcurso de menos de ocho horas, en las regiones de la Cuenca y Valles Centrales de Oaxaca se registraron actos violentos que de forma general dejaron un saldo de una persona ejecutada, tres lesionadas y dos detenidas.<\/p>\n\n\n\n<p>En San Juan Bautista Tuxtepec, en la regi\u00f3n Cuenca, se suscit\u00f3 un presunto enfrentamiento entre elementos de la Agencia Estatal de Investigaciones (AEI) de la Fiscal\u00eda General del Estado con civiles armados.<\/p>\n\n\n\n<p>El hecho violento ocurri\u00f3 alrededor de las 10:00 horas en colonias de la periferia de la ciudad, en inmediaciones del Instituto Tecnol\u00f3gico Nacional M\u00e9xico de Tuxtepec y la colonia El Progreso.<\/p>\n\n\n\n<p>La Fiscal\u00eda General confirm\u00f3 que un masculino perdi\u00f3 la vida y se aseguraron dos armas cortas y tres veh\u00edculos abandonados en el lugar. Por estos actos inici\u00f3 las investigaciones correspondientes a un enfrentamiento armado.<\/p>\n\n\n\n<p>Sin embargo, informaci\u00f3n preliminar, indic\u00f3 que dos personas m\u00e1s resultaron heridas, para m\u00e1s tarde darse a conocer que se lo presuntos delincuentes fueron identificados como Cristian Alejandro L. M. y Donaban Alejandro G. S. de 32 a\u00f1os de edad, ambos del estado de Nuevo Le\u00f3n.<\/p>\n\n\n\n<p>Mientras que la persona abatida en el lugar respond\u00eda al nombre de V\u00edctor Manuel G. O. de 29 a\u00f1os de Tuxtepec y quien al momento de su muerte ten\u00eda una granada en la mano.<\/p>\n\n\n\n<p>BALEADO EN OXXO<\/p>\n\n\n\n<p>La inseguridad contin\u00faa en la regi\u00f3n de Valles Centrales, en la zona conurbada de la capital del estado.<\/p>\n\n\n\n<p>Antes de las 15:00 horas, una persona del sexo masculino fue atacada con disparos de arma de fuego en el estacionamiento de una tienda de conveniencia en la avenida L\u00e1zaro C\u00e1rdenas, en l\u00edmites del municipio de San Sebasti\u00e1n Tutla y Santa Luc\u00eda del Camino.<\/p>\n\n\n\n<p>El var\u00f3n identificado de manera preliminar como Jack Anthony, de 25 a\u00f1os de edad, presenta un disparo en la cabeza y fue baleado en el interior de una camioneta tipo Ram, color roja, con placas de circulaci\u00f3n RY-38054;  fue auxiliado por elementos policiales para subirlo a una ambulancia municipal y ser trasladado a los servicios m\u00e9dicos. La zona fue acordonada durante los primeros minutos tras los hechos.<\/p>\n","protected":false},"excerpt":{"rendered":"<p>Redacci\u00f3n\/Zona Roja. Oaxaca de Ju\u00e1rez, Oax.,. 5 de mayo de 2021.- En el transcurso de&hellip;<\/p>\n","protected":false},"author":2,"featured_media":26841,"comment_status":"closed","ping_status":"open","sticky":false,"template":"","format":"standard","meta":{"_lmt_disableupdate":"","_lmt_disable":"","_jetpack_memberships_contains_paid_content":false,"footnotes":""},"categories":[109,51],"tags":[118],"class_list":["post-26840","post","type-post","status-publish","format-standard","has-post-thumbnail","hentry","category-minuto-a-minuto","category-zona-roja","tag-san-juan-bautista-tuxtepec"],"jetpack_featured_media_url":"https:\/\/zonaroja.com.mx\/wp-content\/uploads\/2021\/05\/Ejecutado-Tuxtepec-1.jpg","jetpack_sharing_enabled":true,"_links":{"self":[{"href":"https:\/\/zonaroja.com.mx\/index.php?rest_route=\/wp\/v2\/posts\/26840","targetHints":{"allow":["GET"]}}],"collection":[{"href":"https:\/\/zonaroja.com.mx\/index.php?rest_route=\/wp\/v2\/posts"}],"about":[{"href":"https:\/\/zonaroja.com.mx\/index.php?rest_route=\/wp\/v2\/types\/post"}],"author":[{"embeddable":true,"href":"https:\/\/zonaroja.com.mx\/index.php?rest_route=\/wp\/v2\/users\/2"}],"replies":[{"embeddable":true,"href":"https:\/\/zonaroja.com.mx\/index.php?rest_route=%2Fwp%2Fv2%2Fcomments&post=26840"}],"version-history":[{"count":1,"href":"https:\/\/zonaroja.com.mx\/index.php?rest_route=\/wp\/v2\/posts\/26840\/revisions"}],"predecessor-version":[{"id":26842,"href":"https:\/\/zonaroja.com.mx\/index.php?rest_route=\/wp\/v2\/posts\/26840\/revisions\/26842"}],"wp:featuredmedia":[{"embeddable":true,"href":"https:\/\/zonaroja.com.mx\/index.php?rest_route=\/wp\/v2\/media\/26841"}],"wp:attachment":[{"href":"https:\/\/zonaroja.com.mx\/index.php?rest_route=%2Fwp%2Fv2%2Fmedia&parent=26840"}],"wp:term":[{"taxonomy":"category","embeddable":true,"href":"https:\/\/zonaroja.com.mx\/index.php?rest_route=%2Fwp%2Fv2%2Fcategories&post=26840"},{"taxonomy":"post_tag","embeddable":true,"href":"https:\/\/zonaroja.com.mx\/index.php?rest_route=%2Fwp%2Fv2%2Ftags&post=26840"}],"curies":[{"name":"wp","href":"https:\/\/api.w.org\/{rel}","templated":true}]}}