{"id":26851,"date":"2021-05-05T17:05:44","date_gmt":"2021-05-05T22:05:44","guid":{"rendered":"http:\/\/www.zonaroja.com.mx\/?p=26851"},"modified":"2021-05-05T17:05:46","modified_gmt":"2021-05-05T22:05:46","slug":"mas-apoyo-a-las-mujeres-y-combate-frontal-a-violencia-compromete-villacana","status":"publish","type":"post","link":"https:\/\/zonaroja.com.mx\/?p=26851","title":{"rendered":"M\u00e1s apoyo a las mujeres y combate frontal a violencia, compromete Villaca\u00f1a&nbsp;"},"content":{"rendered":"\n<p>Evlin Arag\u00f3n\/Zona Roja.<\/p>\n\n\n\n<p>Oaxaca de Ju\u00e1rez, Oax., 5 de mayo de 2021.- El candidato a la presidencia municipal de Oaxaca de Ju\u00e1rez, por la coalici\u00f3n \u201cVa por Oaxaca\u201d, Javier Villaca\u00f1a Jim\u00e9nez, se comprometi\u00f3 a atacar de manera frontal la violencia que viven las mujeres en la capital del estado, misma que ha ido al alza en los \u00faltimos a\u00f1os.&nbsp;<\/p>\n\n\n\n<p>De ah\u00ed que propone, como una de sus principales acciones, la creaci\u00f3n de una fuerza especial al interior de la Polic\u00eda Municipal que pueda dar atenci\u00f3n inmediata a denuncias que tengan que ver con la violencia que padecen las mujeres en la capital de manea cotidiana, as\u00ed como un programa de concientizaci\u00f3n social sobre el da\u00f1o que causa a toda la poblaci\u00f3n dicha problem\u00e1tica.<\/p>\n\n\n\n<p>\u201cUn combate frontal, lo dec\u00eda yo ahorita, empoderar a la mujer. Pero yo creo que en el tema de violencia de g\u00e9nero se tiene que atender un rubro que no se ha atendido\u2026 concietizaci\u00f3n, porque el violentador se forja en el seno de un hogar y es ah\u00ed donde tenemos que incidir para cambiarle el chip\u201d, sentenci\u00f3.&nbsp;<\/p>\n\n\n\n<p>Villaca\u00f1a Jim\u00e9nez reiter\u00f3 que es fundamental que la sociedad asuma que el cuidado de las mujeres tambi\u00e9n es una causa com\u00fan y forma parte de los valores sociales, de ah\u00ed que sea importante que cuando sucedan eventos violentos se reprueben y se denuncien p\u00fablicamente.<\/p>\n\n\n\n<p>Dentro del apoyo a la poblaci\u00f3n femenina, tambi\u00e9n destaco la recuperaci\u00f3n y rescate de la Cl\u00ednica de la Mujer, ubicada en la agencia de Santa Rosa, misma que en su administraci\u00f3n impulso acciones de prevenci\u00f3n de enfermedades como el c\u00e1ncer de mama y cervicouterino.&nbsp;<\/p>\n\n\n\n<p>\u201cEsa cl\u00ednica yo la dej\u00e9 funcionando y con una mira de apoyo en acciones preventivas para combatir el c\u00e1ncer de mama y cervicouterino que hoy por hoy siguen siendo los principales flagelos en la salud de las mujeres\u201d, refiri\u00f3 el candidato.\u00a0<\/p>\n\n\n\n<figure class=\"wp-block-embed-twitter wp-block-embed is-type-rich is-provider-twitter\"><div class=\"wp-block-embed__wrapper\">\n<div class=\"twitter-tweet\"><blockquote class=\"twitter-tweet\" data-lang=\"es\"><p lang=\"es\" dir=\"ltr\"><a href=\"https:\/\/twitter.com\/hashtag\/ENVIVO?src=hash&amp;ref_src=twsrc%5Etfw\">#ENVIVO<\/a> <br>Oaxaca de Ju\u00e1rez,  Oax., 5 de mayo de 2021. Conferencia de prensa del candidato Javier Villaca\u00f1a (<a href=\"https:\/\/twitter.com\/JavierVillacana?ref_src=twsrc%5Etfw\">@JavierVillacana<\/a>).<br>Siga la transmisi\u00f3n:<br>\ud83d\udc47<a href=\"https:\/\/t.co\/ebRPgaaSju\">https:\/\/t.co\/ebRPgaaSju<\/a> <a href=\"https:\/\/t.co\/7f88Sl1n6H\">pic.twitter.com\/7f88Sl1n6H<\/a><\/p>&mdash; Zona Roja Oaxaca (@Zona_Roja_Oax) <a href=\"https:\/\/twitter.com\/Zona_Roja_Oax\/status\/1389946539951460355?ref_src=twsrc%5Etfw\">5 de mayo de 2021<\/a><\/blockquote><\/div>\n<\/div><\/figure>\n\n\n\n<p>Finalmente, explic\u00f3 que sus compromisos tambi\u00e9n incluyen revisar el esquema de curso que se brindan al interior del municipio, con la intenci\u00f3n de mejorarlos y procurar que empoderen a las mujeres que habitan el municipio.&nbsp;<\/p>\n\n\n\n<p>LOS COMPROMISOS<\/p>\n\n\n\n<p>Este mi\u00e9rcoles, Javier Villaca\u00f1a tambi\u00e9n dio a conocer los 70 compromisos con Oaxaca, 15 de los cuales son la sociedad en general, los dem\u00e1s con sectores espec\u00edficos para el desarrollo.&nbsp;<\/p>\n\n\n\n<p>Dentro de los m\u00e1s importante se encuentra el sistema de seguridad, que incluye restaurar la confianza de la poblaci\u00f3n a los cuerpos polic\u00edacos; revisar el andamiaje legal del ayuntamiento y adaptarlo a las realidades actuales; retomar el programa \u201cVerde Antequera\u201d para mejorar la imagen de la capital.&nbsp;<\/p>\n\n\n\n<p>As\u00ed mismo la implementaci\u00f3n de sitios de paz, parques de bolsillo, reducci\u00f3n de pagos para las actividades culturales y art\u00edsticas, rescate y rehabilitaci\u00f3n de las fuentes hist\u00f3ricas, la creaci\u00f3n de la ciclov\u00eda de Viguera a 5 Se\u00f1ores, entre otros que pretenden detonar una mejora calidad de vida. \u201cLa gran diferencia es que nosotros si tenemos la experiencia. De todos los aspirantes soy el \u00fanico que se ha probado, la gente sabe que se hizo, c\u00f3mo hizo e incluso esos buenos resultados son los que sustentan esta petici\u00f3n a la ciudadan\u00eda de darnos nuevamente un voto de confianza\u201d, extern\u00f3 el abanderado del PRI, PAN y PRD.<\/p>\n","protected":false},"excerpt":{"rendered":"<p>Evlin Arag\u00f3n\/Zona Roja. Oaxaca de Ju\u00e1rez, Oax., 5 de mayo de 2021.- El candidato a&hellip;<\/p>\n","protected":false},"author":2,"featured_media":26852,"comment_status":"closed","ping_status":"open","sticky":false,"template":"","format":"standard","meta":{"_lmt_disableupdate":"","_lmt_disable":"","_jetpack_memberships_contains_paid_content":false,"footnotes":""},"categories":[109,46],"tags":[2456],"class_list":["post-26851","post","type-post","status-publish","format-standard","has-post-thumbnail","hentry","category-minuto-a-minuto","category-zona-blanca","tag-javier-villacana-jimenez"],"jetpack_featured_media_url":"https:\/\/zonaroja.com.mx\/wp-content\/uploads\/2021\/05\/Javier-Villacana-J..jpg","jetpack_sharing_enabled":true,"_links":{"self":[{"href":"https:\/\/zonaroja.com.mx\/index.php?rest_route=\/wp\/v2\/posts\/26851","targetHints":{"allow":["GET"]}}],"collection":[{"href":"https:\/\/zonaroja.com.mx\/index.php?rest_route=\/wp\/v2\/posts"}],"about":[{"href":"https:\/\/zonaroja.com.mx\/index.php?rest_route=\/wp\/v2\/types\/post"}],"author":[{"embeddable":true,"href":"https:\/\/zonaroja.com.mx\/index.php?rest_route=\/wp\/v2\/users\/2"}],"replies":[{"embeddable":true,"href":"https:\/\/zonaroja.com.mx\/index.php?rest_route=%2Fwp%2Fv2%2Fcomments&post=26851"}],"version-history":[{"count":1,"href":"https:\/\/zonaroja.com.mx\/index.php?rest_route=\/wp\/v2\/posts\/26851\/revisions"}],"predecessor-version":[{"id":26853,"href":"https:\/\/zonaroja.com.mx\/index.php?rest_route=\/wp\/v2\/posts\/26851\/revisions\/26853"}],"wp:featuredmedia":[{"embeddable":true,"href":"https:\/\/zonaroja.com.mx\/index.php?rest_route=\/wp\/v2\/media\/26852"}],"wp:attachment":[{"href":"https:\/\/zonaroja.com.mx\/index.php?rest_route=%2Fwp%2Fv2%2Fmedia&parent=26851"}],"wp:term":[{"taxonomy":"category","embeddable":true,"href":"https:\/\/zonaroja.com.mx\/index.php?rest_route=%2Fwp%2Fv2%2Fcategories&post=26851"},{"taxonomy":"post_tag","embeddable":true,"href":"https:\/\/zonaroja.com.mx\/index.php?rest_route=%2Fwp%2Fv2%2Ftags&post=26851"}],"curies":[{"name":"wp","href":"https:\/\/api.w.org\/{rel}","templated":true}]}}