{"id":26854,"date":"2021-05-05T18:59:07","date_gmt":"2021-05-05T23:59:07","guid":{"rendered":"https:\/\/www.zonaroja.com.mx\/?p=26854"},"modified":"2021-05-05T18:59:11","modified_gmt":"2021-05-05T23:59:11","slug":"vincula-juez-a-proceso-a-tres-detenidos-por-asesinato-de-leonardo-diaz","status":"publish","type":"post","link":"https:\/\/zonaroja.com.mx\/?p=26854","title":{"rendered":"Vincula juez a proceso a tres detenidos por asesinato de Leonardo D\u00edaz"},"content":{"rendered":"\n<p>Redacci\u00f3n\/Zona Roja. <\/p>\n\n\n\n<p>Oaxaca de Ju\u00e1rez, Oax., 5 de mayo de 2021.- Una juez del Poder Judicial de Oaxaca vincul\u00f3 hoy a proceso a tres personas por su presunta participaci\u00f3n en el asesinato de Leonardo D\u00edaz Cruz, perpetrado el pasado 13 de abril. <\/p>\n\n\n\n<p>Se trata de Ra\u00fal Ram\u00f3n O. D., Patricio G. P. y a Eduardo F. O. acusados del delito de homicidio en contra del padre de la dirigente estatal del PAN y diputada federal, Natividad D\u00edaz Jim\u00e9nez. <\/p>\n\n\n\n<p>La audiencia de t\u00e9rmino constitucional se desahog\u00f3 a las 10:00 horas de este mi\u00e9rcoles; uno de los imputados, Ra\u00fal Ram\u00f3n, se reserv\u00f3 su derecho a declarar. La juez de control con sede en San Francisco Tanivet les impuso la medida cautelar de prisi\u00f3n preventiva, dos de los cuales quedaron recluidos en el penal varonil de Tanivet y el otro en la Villa de Etla.<\/p>\n\n\n\n<p>La autoridad judicial otorg\u00f3 al Ministerio P\u00fablico cuatro meses para la investigaci\u00f3n complementaria.<\/p>\n\n\n\n<p>La orden de aprehensi\u00f3n se libr\u00f3 el 29 de abril del 2021 y fueron detenidos el 30 de abril por agentes estatales de investigaci\u00f3n en jurisdicci\u00f3n de Reyes Mantec\u00f3n, San Bartolo Coyotepec.<\/p>\n\n\n\n<p>Leonardo D\u00edaz, ex edil de Ejutla de Crespo, fue asesinado a balazos la tarde del 13 de abril de 2021, afuera de una ferreter\u00eda ubicada en la avenida S\u00edmbolos Patrios,  en los l\u00edmites de Santa Cruz Xoxocotl\u00e1n con el municipio de San Antonio de la Cal.<\/p>\n","protected":false},"excerpt":{"rendered":"<p>Redacci\u00f3n\/Zona Roja. Oaxaca de Ju\u00e1rez, Oax., 5 de mayo de 2021.- Una juez del Poder&hellip;<\/p>\n","protected":false},"author":2,"featured_media":25918,"comment_status":"closed","ping_status":"open","sticky":false,"template":"","format":"standard","meta":{"_lmt_disableupdate":"","_lmt_disable":"","_jetpack_memberships_contains_paid_content":false,"footnotes":""},"categories":[109,47],"tags":[2602],"class_list":["post-26854","post","type-post","status-publish","format-standard","has-post-thumbnail","hentry","category-minuto-a-minuto","category-zona-gris","tag-leonardo-diaz-cruz"],"jetpack_featured_media_url":"https:\/\/zonaroja.com.mx\/wp-content\/uploads\/2021\/04\/746f6422-040f-4ffb-a80d-6b9363c2a7eb-1.jpg","jetpack_sharing_enabled":true,"_links":{"self":[{"href":"https:\/\/zonaroja.com.mx\/index.php?rest_route=\/wp\/v2\/posts\/26854","targetHints":{"allow":["GET"]}}],"collection":[{"href":"https:\/\/zonaroja.com.mx\/index.php?rest_route=\/wp\/v2\/posts"}],"about":[{"href":"https:\/\/zonaroja.com.mx\/index.php?rest_route=\/wp\/v2\/types\/post"}],"author":[{"embeddable":true,"href":"https:\/\/zonaroja.com.mx\/index.php?rest_route=\/wp\/v2\/users\/2"}],"replies":[{"embeddable":true,"href":"https:\/\/zonaroja.com.mx\/index.php?rest_route=%2Fwp%2Fv2%2Fcomments&post=26854"}],"version-history":[{"count":1,"href":"https:\/\/zonaroja.com.mx\/index.php?rest_route=\/wp\/v2\/posts\/26854\/revisions"}],"predecessor-version":[{"id":26855,"href":"https:\/\/zonaroja.com.mx\/index.php?rest_route=\/wp\/v2\/posts\/26854\/revisions\/26855"}],"wp:featuredmedia":[{"embeddable":true,"href":"https:\/\/zonaroja.com.mx\/index.php?rest_route=\/wp\/v2\/media\/25918"}],"wp:attachment":[{"href":"https:\/\/zonaroja.com.mx\/index.php?rest_route=%2Fwp%2Fv2%2Fmedia&parent=26854"}],"wp:term":[{"taxonomy":"category","embeddable":true,"href":"https:\/\/zonaroja.com.mx\/index.php?rest_route=%2Fwp%2Fv2%2Fcategories&post=26854"},{"taxonomy":"post_tag","embeddable":true,"href":"https:\/\/zonaroja.com.mx\/index.php?rest_route=%2Fwp%2Fv2%2Ftags&post=26854"}],"curies":[{"name":"wp","href":"https:\/\/api.w.org\/{rel}","templated":true}]}}