{"id":26856,"date":"2021-05-05T20:36:39","date_gmt":"2021-05-06T01:36:39","guid":{"rendered":"http:\/\/www.zonaroja.com.mx\/?p=26856"},"modified":"2021-05-05T20:36:43","modified_gmt":"2021-05-06T01:36:43","slug":"urge-diputada-a-fiscalia-agilizar-busqueda-de-periodista-oaxaqueno","status":"publish","type":"post","link":"https:\/\/zonaroja.com.mx\/?p=26856","title":{"rendered":"Urge diputada a Fiscal\u00eda agilizar b\u00fasqueda de periodista oaxaque\u00f1o"},"content":{"rendered":"\n<p>Yuridiana Sosa\/Zona Roja.<\/p>\n\n\n\n<p>Oaxaca de Ju\u00e1rez, Oax., 5 de mayo de 2021.- Ante la desaparici\u00f3n del periodista oaxaque\u00f1o Francisco Augusto Ram\u00edrez Padilla desde el pasado 30 de abril, la diputada por el Partido Morena, Magaly L\u00f3pez Dom\u00ednguez, demand\u00f3 a la Fiscal\u00eda General del Estado de Oaxaca agilice los trabajos de b\u00fasqueda para su localizaci\u00f3n.<\/p>\n\n\n\n<p>La legisladora, integrante de la Comisi\u00f3n Permanente de Derechos Humanos, se\u00f1al\u00f3 que no basta con la difusi\u00f3n de la ficha por medio de la Unidad de Personas Desaparecidas y No Localizadas, sino que realmente se aplique la b\u00fasqueda por parte de las autoridades.<\/p>\n\n\n\n<p>El reportero y editor del diario \u201cTiempo de Oaxaca\u201d, fue vista por \u00faltima vez el pasado 30 de abril en la colonia Cuauht\u00e9moc del municipio de San Jacinto Amilpas, pero fue 72 horas despu\u00e9s que la Fiscal\u00eda de Oaxaca difundi\u00f3 su ficha para pedir a la poblaci\u00f3n la colaboraci\u00f3n para encontrar a Ram\u00edrez Padilla.<\/p>\n\n\n\n<p>\u201cEs necesario que de manera urgente realice las acciones de b\u00fasqueda necesarias para la localizaci\u00f3n del periodista Francisco Augusto Ram\u00edrez Padilla. Eso es lo que propongo que el Congreso del Estado le pida al fiscal General Arturo Peimbert\u201d, expres\u00f3.<\/p>\n\n\n\n<figure class=\"wp-block-embed-twitter wp-block-embed is-type-rich is-provider-twitter\"><div class=\"wp-block-embed__wrapper\">\n<div class=\"twitter-tweet\"><blockquote class=\"twitter-tweet\" data-lang=\"es\"><p lang=\"es\" dir=\"ltr\"><a href=\"https:\/\/twitter.com\/hashtag\/%C3%9AltimoMinuto?src=hash&amp;ref_src=twsrc%5Etfw\">#\u00daltimoMinuto<\/a> <br>En sesi\u00f3n ordinaria de la Diputaci\u00f3n Permanente del <a href=\"https:\/\/twitter.com\/CongresoOaxLXIV?ref_src=twsrc%5Etfw\">@CongresoOaxLXIV<\/a>, la diputada por Morena, <a href=\"https:\/\/twitter.com\/Magaly_LopezOax?ref_src=twsrc%5Etfw\">@Magaly_LopezOax<\/a>, pidi\u00f3 a la <a href=\"https:\/\/twitter.com\/FISCALIA_GobOax?ref_src=twsrc%5Etfw\">@FISCALIA_GobOax<\/a> agilizar la b\u00fasqueda de <a href=\"https:\/\/twitter.com\/pacopadilla67?ref_src=twsrc%5Etfw\">@pacopadilla67<\/a>, reportero de <a href=\"https:\/\/twitter.com\/TiempoDigitalMx?ref_src=twsrc%5Etfw\">@TiempoDigitalMx<\/a> y <a href=\"https:\/\/twitter.com\/DialogosoaxacaO?ref_src=twsrc%5Etfw\">@DialogosoaxacaO<\/a>, desaparecido desde el viernes. <a href=\"https:\/\/t.co\/Iw3w56qolR\">pic.twitter.com\/Iw3w56qolR<\/a><\/p>&mdash; Zona Roja Oaxaca (@Zona_Roja_Oax) <a href=\"https:\/\/twitter.com\/Zona_Roja_Oax\/status\/1389986227483467779?ref_src=twsrc%5Etfw\">5 de mayo de 2021<\/a><\/blockquote><\/div>\n<\/div><\/figure>\n\n\n\n<p>En la sesi\u00f3n ordinaria de la Diputaci\u00f3n Permanente este mi\u00e9rcoles, manifest\u00f3 que este hecho, que implica una agresi\u00f3n a un comunicador, no s\u00f3lo afecta a las personas v\u00edctima de la desaparici\u00f3n, sino es un ataque a la libertad de prensa e informaci\u00f3n.<\/p>\n\n\n\n<p>\u201cEl resultado no es s\u00f3lo un atentado contra el derecho individual de difundir, sino contra el derecho colectivo de recibir informaci\u00f3n\u201d, destac\u00f3.<\/p>\n\n\n\n<p>Record\u00f3 que desafortunadamente en Oaxaca se han registrado otros casos de desaparici\u00f3n y asesinatos a comunicadores, como ocurri\u00f3 hace casi 15 a\u00f1os con las hermanas radialistas Virginia y Daniela Ortiz Ram\u00edrez, y a\u00f1os despu\u00e9s, los asesinatos de Filadelfo S\u00e1nchez Sarmiento, Salvador Olmos Garc\u00eda y Tel\u00e9sforo Santiago Enr\u00edquez.<\/p>\n","protected":false},"excerpt":{"rendered":"<p>Yuridiana Sosa\/Zona Roja. Oaxaca de Ju\u00e1rez, Oax., 5 de mayo de 2021.- Ante la desaparici\u00f3n&hellip;<\/p>\n","protected":false},"author":2,"featured_media":26857,"comment_status":"closed","ping_status":"open","sticky":false,"template":"","format":"standard","meta":{"_lmt_disableupdate":"","_lmt_disable":"","_jetpack_memberships_contains_paid_content":false,"footnotes":""},"categories":[109,46],"tags":[192],"class_list":["post-26856","post","type-post","status-publish","format-standard","has-post-thumbnail","hentry","category-minuto-a-minuto","category-zona-blanca","tag-diputada-magaly-lopez-dominguez"],"jetpack_featured_media_url":"https:\/\/zonaroja.com.mx\/wp-content\/uploads\/2021\/05\/Magaly-Lopez-Dominguez.jpg","jetpack_sharing_enabled":true,"_links":{"self":[{"href":"https:\/\/zonaroja.com.mx\/index.php?rest_route=\/wp\/v2\/posts\/26856","targetHints":{"allow":["GET"]}}],"collection":[{"href":"https:\/\/zonaroja.com.mx\/index.php?rest_route=\/wp\/v2\/posts"}],"about":[{"href":"https:\/\/zonaroja.com.mx\/index.php?rest_route=\/wp\/v2\/types\/post"}],"author":[{"embeddable":true,"href":"https:\/\/zonaroja.com.mx\/index.php?rest_route=\/wp\/v2\/users\/2"}],"replies":[{"embeddable":true,"href":"https:\/\/zonaroja.com.mx\/index.php?rest_route=%2Fwp%2Fv2%2Fcomments&post=26856"}],"version-history":[{"count":1,"href":"https:\/\/zonaroja.com.mx\/index.php?rest_route=\/wp\/v2\/posts\/26856\/revisions"}],"predecessor-version":[{"id":26858,"href":"https:\/\/zonaroja.com.mx\/index.php?rest_route=\/wp\/v2\/posts\/26856\/revisions\/26858"}],"wp:featuredmedia":[{"embeddable":true,"href":"https:\/\/zonaroja.com.mx\/index.php?rest_route=\/wp\/v2\/media\/26857"}],"wp:attachment":[{"href":"https:\/\/zonaroja.com.mx\/index.php?rest_route=%2Fwp%2Fv2%2Fmedia&parent=26856"}],"wp:term":[{"taxonomy":"category","embeddable":true,"href":"https:\/\/zonaroja.com.mx\/index.php?rest_route=%2Fwp%2Fv2%2Fcategories&post=26856"},{"taxonomy":"post_tag","embeddable":true,"href":"https:\/\/zonaroja.com.mx\/index.php?rest_route=%2Fwp%2Fv2%2Ftags&post=26856"}],"curies":[{"name":"wp","href":"https:\/\/api.w.org\/{rel}","templated":true}]}}