{"id":26859,"date":"2021-05-05T21:13:52","date_gmt":"2021-05-06T02:13:52","guid":{"rendered":"http:\/\/www.zonaroja.com.mx\/?p=26859"},"modified":"2021-05-05T21:13:57","modified_gmt":"2021-05-06T02:13:57","slug":"ignoro-titular-del-ejecutivo-principio-de-paridad-en-designacion-de-magistrados","status":"publish","type":"post","link":"https:\/\/zonaroja.com.mx\/?p=26859","title":{"rendered":"Ignor\u00f3 titular del Ejecutivo principio de paridad en designaci\u00f3n de magistrados"},"content":{"rendered":"\n<p>Evlin Arag\u00f3n\/Zona Roja.<\/p>\n\n\n\n<p>Oaxaca de Ju\u00e1rez, Oax., 5 de mayo de 2021.- El gobernador de Oaxaca, Alejandro Murat Hinojosa, dej\u00f3 de lado la obligaci\u00f3n constitucional de paridad en todo, al momento de designar como magistrados del Tribunal Superior de Justicia a Mois\u00e9s Molina Reyes y Abraham Soriano Reyes, ponderando una vez m\u00e1s el amiguismo al interior de la funci\u00f3n p\u00fablica.&nbsp;<\/p>\n\n\n\n<p>As\u00ed lo se\u00f1al\u00f3 el diputado local, C\u00e9sar Morales Ni\u00f1o, quien present\u00f3 un Punto de Acuerdo para exhortar al mandatario estatal a reponer el procedimiento realizado y sean magistradas las que sean designadas, cumpliendo as\u00ed con estricta observancia al principio de paridad de g\u00e9nero consagrado en la Constituci\u00f3n federal y en la local.<\/p>\n\n\n\n<p>Al respecto, en sesi\u00f3n ordinaria de la Diputaci\u00f3n Permanente, reclam\u00f3 que la paridad de g\u00e9nero s\u00f3lo sea un tema de discurso en la administraci\u00f3n p\u00fablica que encabeza ya que, teniendo la oportunidad de nombrar a mujeres en espacios tan importantes al interior del Poder Judicial, se opt\u00f3 por designar a dos varones.<\/p>\n\n\n\n<p>\u201cCon dichos nombramientos, se hace a\u00fan m\u00e1s lejana la posibilidad de alcanzar la paridad en el Tribunal Superior de Justicia, se actu\u00f3 con total cerraz\u00f3n para alcanzar la igualdad sustantiva, se deja claro que el gobierno estatal no tiene compromisos reales con la lucha de las mujeres\u201d, refiri\u00f3 hoy en tribuna.&nbsp;<\/p>\n\n\n\n<p>Record\u00f3 que en la lista de propuestas hab\u00eda mujeres con un historial curricular muy calificado, juezas, juristas, de amplia trayectoria, con m\u00e9ritos acad\u00e9micos y laborales, que sin duda pod\u00edan hacer un gran papel al interior del Poder Judicial, de ah\u00ed que es necesario reponer el procedimiento y se nombren a dos magistradas.<\/p>\n\n\n\n<p>Morales Ni\u00f1o lament\u00f3 que nuevamente se optara por el amiguismo y se nombrara a personas cercanas al actual r\u00e9gimen, con lo cual se perdi\u00f3 la oportunidad de incorporar a grandes mujeres juristas al interior del Tribunal Superior de Justicia de Oaxaca.<\/p>\n\n\n\n<figure class=\"wp-block-embed-twitter wp-block-embed is-type-rich is-provider-twitter\"><div class=\"wp-block-embed__wrapper\">\n<div class=\"twitter-tweet\"><blockquote class=\"twitter-tweet\" data-lang=\"es\"><p lang=\"es\" dir=\"ltr\"><a href=\"https:\/\/twitter.com\/hashtag\/%C3%9AltimoMinuto?src=hash&amp;ref_src=twsrc%5Etfw\">#\u00daltimoMinuto<\/a> <br>Tambi\u00e9n, durante la sesi\u00f3n de la Diputaci\u00f3n Permanente, el legislador <a href=\"https:\/\/twitter.com\/cesarmoralesn?ref_src=twsrc%5Etfw\">@cesarmoralesn<\/a> se pronunci\u00f3 porque el Poder Legislativo (<a href=\"https:\/\/twitter.com\/CongresoOaxLXIV?ref_src=twsrc%5Etfw\">@CongresoOaxLXIV<\/a>) retome el procedimiento de designaci\u00f3n de magistrados, pues en nombramientos que hizo el Ejecutivo no hay paridad. <a href=\"https:\/\/t.co\/R4V6vgbMKd\">pic.twitter.com\/R4V6vgbMKd<\/a><\/p>&mdash; Zona Roja Oaxaca (@Zona_Roja_Oax) <a href=\"https:\/\/twitter.com\/Zona_Roja_Oax\/status\/1389992708261957632?ref_src=twsrc%5Etfw\">5 de mayo de 2021<\/a><\/blockquote><\/div>\n<\/div><\/figure>\n\n\n\n<p>As\u00ed mismo. manifest\u00f3 los grandes obst\u00e1culos que han enfrentado las mujeres para acceder a cargos de decisi\u00f3n al interior del Poder Judicial, por lo que exhort\u00f3 a las y los diputados a emitir acciones legislativas a favor de las mujeres y pronunciarse para que quede sin efectos las designaciones y se reponga el procedimiento.&nbsp;<\/p>\n\n\n\n<p>Finalmente, record\u00f3 que los nombramientos, realizados por el gobernador se llevaron a cabo argumentando la falta de respuesta de este Congreso a las ternas remitidas por el Ejecutivo, lo cual tambi\u00e9n pudo resarcir convocando un periodo extraordinario en el Congreso.&nbsp;<\/p>\n\n\n\n<p>\u201cEl gobernador tuvo la oportunidad hist\u00f3rica de actuar como hombre de Estado y ejercer sus facultades para convocar a un periodo extraordinario de este Congreso, para que el pleno analizar\u00e1 las propuestas de magistraturas, en lugar de ello decidi\u00f3 nombrar a dos magistrados\u201d, sentenci\u00f3.&nbsp;<\/p>\n","protected":false},"excerpt":{"rendered":"<p>Evlin Arag\u00f3n\/Zona Roja. Oaxaca de Ju\u00e1rez, Oax., 5 de mayo de 2021.- El gobernador de&hellip;<\/p>\n","protected":false},"author":2,"featured_media":26860,"comment_status":"closed","ping_status":"open","sticky":false,"template":"","format":"standard","meta":{"_lmt_disableupdate":"","_lmt_disable":"","_jetpack_memberships_contains_paid_content":false,"footnotes":""},"categories":[109,47],"tags":[612],"class_list":["post-26859","post","type-post","status-publish","format-standard","has-post-thumbnail","hentry","category-minuto-a-minuto","category-zona-gris","tag-cesar-morales-nino"],"jetpack_featured_media_url":"https:\/\/zonaroja.com.mx\/wp-content\/uploads\/2021\/05\/Cesar-Morales-Ninon.jpg","jetpack_sharing_enabled":true,"_links":{"self":[{"href":"https:\/\/zonaroja.com.mx\/index.php?rest_route=\/wp\/v2\/posts\/26859","targetHints":{"allow":["GET"]}}],"collection":[{"href":"https:\/\/zonaroja.com.mx\/index.php?rest_route=\/wp\/v2\/posts"}],"about":[{"href":"https:\/\/zonaroja.com.mx\/index.php?rest_route=\/wp\/v2\/types\/post"}],"author":[{"embeddable":true,"href":"https:\/\/zonaroja.com.mx\/index.php?rest_route=\/wp\/v2\/users\/2"}],"replies":[{"embeddable":true,"href":"https:\/\/zonaroja.com.mx\/index.php?rest_route=%2Fwp%2Fv2%2Fcomments&post=26859"}],"version-history":[{"count":1,"href":"https:\/\/zonaroja.com.mx\/index.php?rest_route=\/wp\/v2\/posts\/26859\/revisions"}],"predecessor-version":[{"id":26861,"href":"https:\/\/zonaroja.com.mx\/index.php?rest_route=\/wp\/v2\/posts\/26859\/revisions\/26861"}],"wp:featuredmedia":[{"embeddable":true,"href":"https:\/\/zonaroja.com.mx\/index.php?rest_route=\/wp\/v2\/media\/26860"}],"wp:attachment":[{"href":"https:\/\/zonaroja.com.mx\/index.php?rest_route=%2Fwp%2Fv2%2Fmedia&parent=26859"}],"wp:term":[{"taxonomy":"category","embeddable":true,"href":"https:\/\/zonaroja.com.mx\/index.php?rest_route=%2Fwp%2Fv2%2Fcategories&post=26859"},{"taxonomy":"post_tag","embeddable":true,"href":"https:\/\/zonaroja.com.mx\/index.php?rest_route=%2Fwp%2Fv2%2Ftags&post=26859"}],"curies":[{"name":"wp","href":"https:\/\/api.w.org\/{rel}","templated":true}]}}