{"id":26862,"date":"2021-05-05T21:43:38","date_gmt":"2021-05-06T02:43:38","guid":{"rendered":"http:\/\/www.zonaroja.com.mx\/?p=26862"},"modified":"2021-05-05T21:43:41","modified_gmt":"2021-05-06T02:43:41","slug":"dejo-el-covid-un-muerto-cada-hora-en-oaxaca-este-miercoles","status":"publish","type":"post","link":"https:\/\/zonaroja.com.mx\/?p=26862","title":{"rendered":"Dej\u00f3 el Covid un muerto cada hora en Oaxaca, este mi\u00e9rcoles"},"content":{"rendered":"\n<p>Redacci\u00f3n\/Zona Roja.<\/p>\n\n\n\n<p>Oaxaca de Ju\u00e1rez, Oax. 5 de mayo de 2021.- Los Servicios de Salud de Oaxaca (SSO) tienen registrados este mi\u00e9rcoles 5 de mayo, 92 casos nuevos de Covid-19, sumando 46 mil 206 casos acumulados; hay a la fecha 287 casos activos.<\/p>\n\n\n\n<p>En un comunicado, la dependencia detall\u00f3 que se han notificado 75 mil 476 casos de los cuales 24 mil 755 han sido negativos, cuatro mil 515 casos sospechosos, 42 mil 388 se han recuperado, y lamentablemente hay 24 defunciones, sumando tres mil 531 decesos.<\/p>\n\n\n\n<p>Destac\u00f3 que la Jurisdicci\u00f3n Sanitaria n\u00famero uno Valles Centrales registra 31 mil 532 casos confirmados y mil 846 defunciones, Istmo tres mil 877 y 593 decesos, Tuxtepec dos mil 891 y 346 fallecimientos, Costa dos mil 325 y 244 muertes, Mixteca tres mil 946 y 341 p\u00e9rdidas fatales, y la Sierra mil 635 y 161 defunciones.<\/p>\n\n\n\n<p>Se\u00f1al\u00f3 que los 92 casos nuevos se ubican en 32 municipios, siendo los que mayor n\u00famero de contagios presentan: Oaxaca de Ju\u00e1rez con 32, San Mateo Cajonos nueve, Huajuapan de Le\u00f3n ocho, Santo Domingo Tehuantepec seis; Juchit\u00e1n de Zaragoza, Santo Domingo Tonal\u00e1 y Villa de Zaachila tres cada uno; el resto dos y un caso.<\/p>\n\n\n\n<p>Dijo que en relaci\u00f3n a la ocupaci\u00f3n hospitalaria este d\u00eda hay un 18.1% global estatal, con ocho casos nuevos hospitalizados, cuatro hospitales se encuentran al 100% de su capacidad.<\/p>\n\n\n\n<p>De acuerdo al reporte por Jurisdicci\u00f3n Sanitaria, en Valles Centrales se tiene una ocupaci\u00f3n hospitalaria del 17.9%, en el Istmo 14.8%, Tuxtepec 25 %, Costa 18.9%, Mixteca 25% y la Sierra 0%.<\/p>\n","protected":false},"excerpt":{"rendered":"<p>Redacci\u00f3n\/Zona Roja. Oaxaca de Ju\u00e1rez, Oax. 5 de mayo de 2021.- Los Servicios de Salud&hellip;<\/p>\n","protected":false},"author":2,"featured_media":26863,"comment_status":"closed","ping_status":"open","sticky":false,"template":"","format":"standard","meta":{"_lmt_disableupdate":"","_lmt_disable":"","_jetpack_memberships_contains_paid_content":false,"footnotes":""},"categories":[109,47],"tags":[1512],"class_list":["post-26862","post","type-post","status-publish","format-standard","has-post-thumbnail","hentry","category-minuto-a-minuto","category-zona-gris","tag-coronavirus-oaxaca"],"jetpack_featured_media_url":"https:\/\/zonaroja.com.mx\/wp-content\/uploads\/2021\/05\/SSO-2.jpeg","jetpack_sharing_enabled":true,"_links":{"self":[{"href":"https:\/\/zonaroja.com.mx\/index.php?rest_route=\/wp\/v2\/posts\/26862","targetHints":{"allow":["GET"]}}],"collection":[{"href":"https:\/\/zonaroja.com.mx\/index.php?rest_route=\/wp\/v2\/posts"}],"about":[{"href":"https:\/\/zonaroja.com.mx\/index.php?rest_route=\/wp\/v2\/types\/post"}],"author":[{"embeddable":true,"href":"https:\/\/zonaroja.com.mx\/index.php?rest_route=\/wp\/v2\/users\/2"}],"replies":[{"embeddable":true,"href":"https:\/\/zonaroja.com.mx\/index.php?rest_route=%2Fwp%2Fv2%2Fcomments&post=26862"}],"version-history":[{"count":1,"href":"https:\/\/zonaroja.com.mx\/index.php?rest_route=\/wp\/v2\/posts\/26862\/revisions"}],"predecessor-version":[{"id":26864,"href":"https:\/\/zonaroja.com.mx\/index.php?rest_route=\/wp\/v2\/posts\/26862\/revisions\/26864"}],"wp:featuredmedia":[{"embeddable":true,"href":"https:\/\/zonaroja.com.mx\/index.php?rest_route=\/wp\/v2\/media\/26863"}],"wp:attachment":[{"href":"https:\/\/zonaroja.com.mx\/index.php?rest_route=%2Fwp%2Fv2%2Fmedia&parent=26862"}],"wp:term":[{"taxonomy":"category","embeddable":true,"href":"https:\/\/zonaroja.com.mx\/index.php?rest_route=%2Fwp%2Fv2%2Fcategories&post=26862"},{"taxonomy":"post_tag","embeddable":true,"href":"https:\/\/zonaroja.com.mx\/index.php?rest_route=%2Fwp%2Fv2%2Ftags&post=26862"}],"curies":[{"name":"wp","href":"https:\/\/api.w.org\/{rel}","templated":true}]}}