{"id":26868,"date":"2021-05-05T22:24:30","date_gmt":"2021-05-06T03:24:30","guid":{"rendered":"http:\/\/www.zonaroja.com.mx\/?p=26868"},"modified":"2021-05-05T22:24:32","modified_gmt":"2021-05-06T03:24:32","slug":"tres-muertos-a-balazos-saldo-de-miercoles-en-oaxaca","status":"publish","type":"post","link":"https:\/\/zonaroja.com.mx\/?p=26868","title":{"rendered":"Tres muertos a balazos, saldo de mi\u00e9rcoles en Oaxaca"},"content":{"rendered":"\n<p>Ismael Garc\u00eda M.\/Zona Roja.<\/p>\n\n\n\n<p>Oaxaca de Ju\u00e1rez, Oax., 5 de mayo de 2021.- Tres personas fueron asesinadas a balazos y al menos dos m\u00e1s resultaron lesionadas, en hechos ocurridos en las regiones Costa, Valles Centrales y Cuenca del Papaloapan.<\/p>\n\n\n\n<p>Esta noche, en Santiago Pinotepa Nacional, un hombre identificado como \u00c1lvaro Nicio L\u00f3pez, de aproximadamente 33 a\u00f1os de edad, fue abatido por disparos de arma de fuego en el barrio Playa Blanca.<\/p>\n\n\n\n<p>El crimen ocurri\u00f3 momentos antes del inicio de un mitin pol\u00edtico del PRD, pero ante las detonaciones de arma de fuego, la gente se dispers\u00f3.<\/p>\n\n\n\n<p>En tanto, la tarde de hoy falleci\u00f3 en un hospital el hombre que fue agredido a balazos en el estacionamiento de la tienda Oxxo, ubicada sobre la avenida L\u00e1zaro C\u00e1rdenas, en la confluencia de los municipios de San Sebasti\u00e1n Tutla, Santa Cruz Amilpas y Santa Luc\u00eda del Camino.<\/p>\n\n\n\n<p>La v\u00edctima fue identificada como Jack Anthony, de unos 25 a\u00f1os de edad y viajaba en una camioneta tipo Ram, color roja, doble cabina, con placas de circulaci\u00f3n RY-38054, cuando sujetos desconocidos le dispararon a la cabeza.<\/p>\n\n\n\n<p>Por la ma\u00f1ana, varios enfrentamientos en zonas de San Juan Bautista Tuxtepec, presuntamente entre delincuentes y efectivos de la Agencia Estatal de Investigaciones, dejaron como saldo una persona fallecida y al menos dos lesionadas, as\u00ed como dos detenidas.<\/p>\n\n\n\n<p>La Fiscal\u00eda General del Estado confirm\u00f3 la refriega y dijo que decomis\u00f3 dos armas de fuego y tres unidades de motor, presuntamente de un grupo delictivo.<\/p>\n","protected":false},"excerpt":{"rendered":"<p>Ismael Garc\u00eda M.\/Zona Roja. Oaxaca de Ju\u00e1rez, Oax., 5 de mayo de 2021.- Tres personas&hellip;<\/p>\n","protected":false},"author":2,"featured_media":1712,"comment_status":"closed","ping_status":"open","sticky":false,"template":"","format":"standard","meta":{"_lmt_disableupdate":"","_lmt_disable":"","_jetpack_memberships_contains_paid_content":false,"footnotes":""},"categories":[109,51],"tags":[651],"class_list":["post-26868","post","type-post","status-publish","format-standard","has-post-thumbnail","hentry","category-minuto-a-minuto","category-zona-roja","tag-santiago-pinotepa-nacional"],"jetpack_featured_media_url":"https:\/\/zonaroja.com.mx\/wp-content\/uploads\/2019\/06\/54ec1937-ea43-4b06-a371-29cc9eb1d75e.jpg","jetpack_sharing_enabled":true,"_links":{"self":[{"href":"https:\/\/zonaroja.com.mx\/index.php?rest_route=\/wp\/v2\/posts\/26868","targetHints":{"allow":["GET"]}}],"collection":[{"href":"https:\/\/zonaroja.com.mx\/index.php?rest_route=\/wp\/v2\/posts"}],"about":[{"href":"https:\/\/zonaroja.com.mx\/index.php?rest_route=\/wp\/v2\/types\/post"}],"author":[{"embeddable":true,"href":"https:\/\/zonaroja.com.mx\/index.php?rest_route=\/wp\/v2\/users\/2"}],"replies":[{"embeddable":true,"href":"https:\/\/zonaroja.com.mx\/index.php?rest_route=%2Fwp%2Fv2%2Fcomments&post=26868"}],"version-history":[{"count":1,"href":"https:\/\/zonaroja.com.mx\/index.php?rest_route=\/wp\/v2\/posts\/26868\/revisions"}],"predecessor-version":[{"id":26869,"href":"https:\/\/zonaroja.com.mx\/index.php?rest_route=\/wp\/v2\/posts\/26868\/revisions\/26869"}],"wp:featuredmedia":[{"embeddable":true,"href":"https:\/\/zonaroja.com.mx\/index.php?rest_route=\/wp\/v2\/media\/1712"}],"wp:attachment":[{"href":"https:\/\/zonaroja.com.mx\/index.php?rest_route=%2Fwp%2Fv2%2Fmedia&parent=26868"}],"wp:term":[{"taxonomy":"category","embeddable":true,"href":"https:\/\/zonaroja.com.mx\/index.php?rest_route=%2Fwp%2Fv2%2Fcategories&post=26868"},{"taxonomy":"post_tag","embeddable":true,"href":"https:\/\/zonaroja.com.mx\/index.php?rest_route=%2Fwp%2Fv2%2Ftags&post=26868"}],"curies":[{"name":"wp","href":"https:\/\/api.w.org\/{rel}","templated":true}]}}