{"id":2687,"date":"2019-07-31T19:22:28","date_gmt":"2019-08-01T00:22:28","guid":{"rendered":"http:\/\/www.zonaroja.com.mx\/?p=2687"},"modified":"2019-07-31T19:22:30","modified_gmt":"2019-08-01T00:22:30","slug":"acusan-desatencion-de-los-sso-en-muerte-de-bebe-por-probable-dengue","status":"publish","type":"post","link":"https:\/\/zonaroja.com.mx\/?p=2687","title":{"rendered":"Acusan desatenci\u00f3n de los SSO en muerte de beb\u00e9 por probable dengue"},"content":{"rendered":"\n<p>Redacci\u00f3n<\/p>\n\n\n\n<p>Oaxaca de\nJu\u00e1rez, Oax., 31 de julio de 2019.- Un menor de edad muri\u00f3 el pasado lunes por\nla noche presumiblemente por negligencia del personal de los Servicios de Salud\nde Oaxaca (SSO) al no atender adecuadamente la enfermedad del dengue que\npadec\u00eda Rafael.<\/p>\n\n\n\n<p>El ni\u00f1o de\ncinco a\u00f1os de edad era originario de Uni\u00f3n Hidalgo y fue llevado el domingo 28\nde julio al hospital general \u201cDr. Macedonio Ben\u00edtez Fuentes\u201d, con sede en\nJuchit\u00e1n de Zaragoza, donde al d\u00eda siguiente alrededor de las 23:15 horas falleci\u00f3.<\/p>\n\n\n\n<p>Los padres,\nM\u00edriam y Rafael, exigieron a las autoridades de los Servicios de Salud y a la\nFiscal\u00eda General del Estado indaguen las causas del deceso y en su caso sea\ncastigado el personal m\u00e9dico y de enfermer\u00eda que no atendi\u00f3 adecuadamente a su\nhijo.<\/p>\n\n\n\n<p>SE NEBULIZA<\/p>\n\n\n\n<p>En un\ncomunicado, la dependencia que encabeza Donato Casas Escamilla inform\u00f3 que\nhasta la semana epidemiol\u00f3gica n\u00famero 29 se han confirmado 280 casos de dengue,\nde los cuales 211 son dengue no grave, 54 son dengue con signos de alarma y 15\ngrave.<\/p>\n\n\n\n<p>Expuso que\nla Jurisdicci\u00f3n Sanitaria n\u00famero uno de Valles Centrales registra 191 casos,\nseguido del Istmo con 32, la Costa con 23, la Sierra con 25, Tuxtepec con seis\ny la Mixteca con tres. <\/p>\n\n\n\n<p>A nivel\nnacional la entidad se ubica en el s\u00e9ptimo lugar, siendo los estados de\nChiapas, Quintana Roo y Veracruz los m\u00e1s afectados.<\/p>\n\n\n\n<p>Inform\u00f3 que personal\nde vectores ha realizado control larvario en 367 mil 752 viviendas en todo el\nestado, que consiste en visitar casa por casa para supervisar los dep\u00f3sitos que\ncontengan agua y aquellos que se encuentren con larvas sean tratados con\nlarvicidas biol\u00f3gicos.<\/p>\n\n\n\n<p>Agreg\u00f3 que\nse realiz\u00f3 el rociado residual en 12 mil 74 viviendas en la entidad con\ninsecticida para cortar la transmisi\u00f3n de la enfermedad a trav\u00e9s de la\neliminaci\u00f3n de posibles mosquitos infectados por arbovirosis.<\/p>\n","protected":false},"excerpt":{"rendered":"<p>Redacci\u00f3n Oaxaca de Ju\u00e1rez, Oax., 31 de julio de 2019.- Un menor de edad muri\u00f3&hellip;<\/p>\n","protected":false},"author":2,"featured_media":2688,"comment_status":"closed","ping_status":"open","sticky":false,"template":"","format":"standard","meta":{"_lmt_disableupdate":"","_lmt_disable":"","_jetpack_memberships_contains_paid_content":false,"footnotes":""},"categories":[109,47],"tags":[443],"class_list":["post-2687","post","type-post","status-publish","format-standard","has-post-thumbnail","hentry","category-minuto-a-minuto","category-zona-gris","tag-muere-bebe-por-dengue-en-union-hidalgo-oaxaca"],"jetpack_featured_media_url":"https:\/\/zonaroja.com.mx\/wp-content\/uploads\/2019\/07\/SSO-01-1.jpg","jetpack_sharing_enabled":true,"_links":{"self":[{"href":"https:\/\/zonaroja.com.mx\/index.php?rest_route=\/wp\/v2\/posts\/2687","targetHints":{"allow":["GET"]}}],"collection":[{"href":"https:\/\/zonaroja.com.mx\/index.php?rest_route=\/wp\/v2\/posts"}],"about":[{"href":"https:\/\/zonaroja.com.mx\/index.php?rest_route=\/wp\/v2\/types\/post"}],"author":[{"embeddable":true,"href":"https:\/\/zonaroja.com.mx\/index.php?rest_route=\/wp\/v2\/users\/2"}],"replies":[{"embeddable":true,"href":"https:\/\/zonaroja.com.mx\/index.php?rest_route=%2Fwp%2Fv2%2Fcomments&post=2687"}],"version-history":[{"count":1,"href":"https:\/\/zonaroja.com.mx\/index.php?rest_route=\/wp\/v2\/posts\/2687\/revisions"}],"predecessor-version":[{"id":2689,"href":"https:\/\/zonaroja.com.mx\/index.php?rest_route=\/wp\/v2\/posts\/2687\/revisions\/2689"}],"wp:featuredmedia":[{"embeddable":true,"href":"https:\/\/zonaroja.com.mx\/index.php?rest_route=\/wp\/v2\/media\/2688"}],"wp:attachment":[{"href":"https:\/\/zonaroja.com.mx\/index.php?rest_route=%2Fwp%2Fv2%2Fmedia&parent=2687"}],"wp:term":[{"taxonomy":"category","embeddable":true,"href":"https:\/\/zonaroja.com.mx\/index.php?rest_route=%2Fwp%2Fv2%2Fcategories&post=2687"},{"taxonomy":"post_tag","embeddable":true,"href":"https:\/\/zonaroja.com.mx\/index.php?rest_route=%2Fwp%2Fv2%2Ftags&post=2687"}],"curies":[{"name":"wp","href":"https:\/\/api.w.org\/{rel}","templated":true}]}}