{"id":26873,"date":"2021-05-06T07:50:24","date_gmt":"2021-05-06T12:50:24","guid":{"rendered":"http:\/\/www.zonaroja.com.mx\/?p=26873"},"modified":"2021-05-06T07:50:27","modified_gmt":"2021-05-06T12:50:27","slug":"exige-desde-congreso-de-oaxaca-legalidad-al-ieepco-o-intervencion-del-ine","status":"publish","type":"post","link":"https:\/\/zonaroja.com.mx\/?p=26873","title":{"rendered":"Exige desde Congreso de Oaxaca legalidad al IEEPCO o intervenci\u00f3n del INE"},"content":{"rendered":"\n<p>Yuridiana Sosa\/Zona Roja.<\/p>\n\n\n\n<p>Oaxaca de Ju\u00e1rez, Oax., 6 de mayo de 2021.- Luego de las constantes irregularidades del Instituto Estatal Electoral y de Participaci\u00f3n Ciudadana de Oaxaca (IEEPCO) en el actual proceso , desde el Congreso del Estado se plantea exhortar a dicho organismo a respetar el calendario electoral aprobado, as\u00ed como demandar al Instituto Nacional Electoral (INE) su intervenci\u00f3n.<\/p>\n\n\n\n<p>Ayer en sesi\u00f3n ordinaria de la Diputaci\u00f3n Permanente de la 64 Legislatura de Oaxaca el legislador C\u00e9sar Morales Ni\u00f1o present\u00f3 el Punto de Acuerdo para que el titular del IEEPCO, Gustavo Meixueiro, d\u00e9 certeza jur\u00eddica a los candidatos y partidos pol\u00edticos respetando los plazos del calendario electoral 2020-2021.<\/p>\n\n\n\n<p>Tras lamentar el desempe\u00f1o del \u00f3rgano electoral, Morales Ni\u00f1o record\u00f3 que en dos ocasiones ha registrado errores importantes, primero con la aprobaci\u00f3n de los aspirantes a las diputaciones locales y el m\u00e1s reciente el atraso y fuera de tiempo para avalar a los candidatos a las presidencias municipales.<\/p>\n\n\n\n<p>Sin embargo, en esta \u00faltima ocasi\u00f3n se registr\u00f3 una irregularidad mayor, debido a la demora de m\u00e1s de 13 horas para ser aprobadas, lo que gener\u00f3 suspensi\u00f3n de arranques de campa\u00f1a que iniciar\u00edan al primer minuto del 4 de mayo, as\u00ed como confusi\u00f3n respecto a posibles actos anticipados de campa\u00f1as de quienes arrancaron actividades de acuerdo a lo establecido en el calendario.<\/p>\n\n\n\n<p>\u201cPor esas razones, es necesario que se exhorte al Instituto Electoral local para que asuma con total responsabilidad sus obligaciones constitucionales y deje de estar generando confusiones y violaciones a su propio calendario\u201d, manifest\u00f3 el legislador.<\/p>\n\n\n\n<p>Pero, adem\u00e1s, expuso la necesidad de demandar la intervenci\u00f3n del Instituto Nacional Electoral para que haya certeza, legalidad y profesionalismo en el proceso.<\/p>\n\n\n\n<p>\u201cHago un llamado para que el INE destituya a los actuales consejeros y consejeras del Instituto Electoral local, ya que han mostrado notoria torpeza, notoria falta de profesionalismo y de vocaci\u00f3n democr\u00e1tica\u201d, se\u00f1al\u00f3 Morales Ni\u00f1o.<\/p>\n\n\n\n<p>As\u00ed como consider\u00f3 necesario que el INE, como m\u00e1xima instituci\u00f3n que vigila a los integrantes de los Organismos P\u00fablicos Electorales Locales (OPLES), debe remover del cargo a los actuales consejeros y consejeras como una sanci\u00f3n ejemplar por su negligencia y por poner en riesgo las etapas del proceso electoral.<\/p>\n","protected":false},"excerpt":{"rendered":"<p>Yuridiana Sosa\/Zona Roja. Oaxaca de Ju\u00e1rez, Oax., 6 de mayo de 2021.- Luego de las&hellip;<\/p>\n","protected":false},"author":2,"featured_media":21198,"comment_status":"closed","ping_status":"open","sticky":false,"template":"","format":"standard","meta":{"_lmt_disableupdate":"","_lmt_disable":"","_jetpack_memberships_contains_paid_content":false,"footnotes":""},"categories":[109,47],"tags":[612],"class_list":["post-26873","post","type-post","status-publish","format-standard","has-post-thumbnail","hentry","category-minuto-a-minuto","category-zona-gris","tag-cesar-morales-nino"],"jetpack_featured_media_url":"https:\/\/zonaroja.com.mx\/wp-content\/uploads\/2020\/12\/Cesar-Morales.jpg","jetpack_sharing_enabled":true,"_links":{"self":[{"href":"https:\/\/zonaroja.com.mx\/index.php?rest_route=\/wp\/v2\/posts\/26873","targetHints":{"allow":["GET"]}}],"collection":[{"href":"https:\/\/zonaroja.com.mx\/index.php?rest_route=\/wp\/v2\/posts"}],"about":[{"href":"https:\/\/zonaroja.com.mx\/index.php?rest_route=\/wp\/v2\/types\/post"}],"author":[{"embeddable":true,"href":"https:\/\/zonaroja.com.mx\/index.php?rest_route=\/wp\/v2\/users\/2"}],"replies":[{"embeddable":true,"href":"https:\/\/zonaroja.com.mx\/index.php?rest_route=%2Fwp%2Fv2%2Fcomments&post=26873"}],"version-history":[{"count":1,"href":"https:\/\/zonaroja.com.mx\/index.php?rest_route=\/wp\/v2\/posts\/26873\/revisions"}],"predecessor-version":[{"id":26874,"href":"https:\/\/zonaroja.com.mx\/index.php?rest_route=\/wp\/v2\/posts\/26873\/revisions\/26874"}],"wp:featuredmedia":[{"embeddable":true,"href":"https:\/\/zonaroja.com.mx\/index.php?rest_route=\/wp\/v2\/media\/21198"}],"wp:attachment":[{"href":"https:\/\/zonaroja.com.mx\/index.php?rest_route=%2Fwp%2Fv2%2Fmedia&parent=26873"}],"wp:term":[{"taxonomy":"category","embeddable":true,"href":"https:\/\/zonaroja.com.mx\/index.php?rest_route=%2Fwp%2Fv2%2Fcategories&post=26873"},{"taxonomy":"post_tag","embeddable":true,"href":"https:\/\/zonaroja.com.mx\/index.php?rest_route=%2Fwp%2Fv2%2Ftags&post=26873"}],"curies":[{"name":"wp","href":"https:\/\/api.w.org\/{rel}","templated":true}]}}