{"id":26881,"date":"2021-05-06T12:09:18","date_gmt":"2021-05-06T17:09:18","guid":{"rendered":"https:\/\/www.zonaroja.com.mx\/?p=26881"},"modified":"2021-05-06T12:10:56","modified_gmt":"2021-05-06T17:10:56","slug":"ante-omision-de-autoridades-maria-elena-rios-pide-ayuda-a-la-ciudadania","status":"publish","type":"post","link":"https:\/\/zonaroja.com.mx\/?p=26881","title":{"rendered":"Ante omisi\u00f3n de autoridades, Mar\u00eda Elena R\u00edos pide ayuda a la ciudadan\u00eda"},"content":{"rendered":"\n<p class=\"MsoNormal\">Evlin Arag\u00f3n\/Zona Roja. <\/p>\n\n\n\n<p class=\"MsoNormal\">Oa ac\u00e1 de Ju\u00e1rez, Oax., 6 de mayo de 2021.- A un mes de los comicios que acaparan la mayor parte de la informaci\u00f3n en los medios locales y nacionales, la saxofonista Mar\u00eda Elena R\u00edos Ortiz record\u00f3 a las autoridades de Oaxaca que a\u00fan est\u00e1 pendiente la quinta orden de aprensi\u00f3n en contra de uno de los autores intelectuales de su ataque con \u00e1cido y aplicaci\u00f3n de la justicia para los ya detenidos.  <\/p>\n\n\n\n<p class=\"MsoNormal\"> Lo anterior pese a que ha pasado un a\u00f1o y ocho meses del intento de feminicidio del que fue v\u00edctima y que la dej\u00f3 con graves secuelas en su cuerpo, muchas de las cuales tendr\u00e1 de por vida. Aun as\u00ed, las autoridades de procuraci\u00f3n de justicia siguen sin concluir su trabajo.  <\/p>\n\n\n\n<p class=\"MsoNormal\"> \u201cHa pasado un a\u00f1o y ocho meses desde que intentaron matarme con \u00e1cido, el quinto feminicida sigue libre. No podr\u00e9 comenzar a recuperar mi vida si junto con mi familia vivimos con miedo porque mi agresor sigue libre\u201d, escribi\u00f3 en su cuenta de Twitter.  <\/p>\n\n\n\n<p class=\"MsoNormal\"> Ah\u00ed mismo, denunci\u00f3 que las elecciones no pueden estar por encima de las v\u00edctimas, por el contrario, asegur\u00f3 que el Estado deber\u00eda darles protecci\u00f3n porque es su obligaci\u00f3n y porque solo as\u00ed las y los candidatos podr\u00edan pedir de manera digna el voto de nueva cuenta.  <\/p>\n\n\n\n<p class=\"MsoNormal\"> \u201cS\u00ed, ya s\u00e9 que hay elecciones y que a medio M\u00e9xico le ocupa y preocupa, pero yo vivo con incertidumbre todos los d\u00edas, mi agresor sigue libre y nadie lo ha podido detener\u201d, refiere.  <\/p>\n\n\n\n<p class=\"MsoNormal\"> De igual forma relata que a\u00fan vive con temor, puesto que en una ocasi\u00f3n ya se top\u00f3 con su agresor en la calle y aunque dio parte a la Fiscal\u00eda General del Estado, en ese entonces a cargo de Rub\u00e9n Vasconcelos M\u00e9ndez, \u00e9sta no hizo nada al respecto debido a los v\u00ednculos que siempre tuvo con partidos pol\u00edticos y que le impidieron cumplir con su labor.  <\/p>\n\n\n\n<p class=\"MsoNormal\"> \u201cCada que recorro las calles imagino que est\u00e1 cerca o estuvo ah\u00ed, como aquel d\u00eda en que lo vi y nadie quiso hacer el esfuerzo siquiera por detenerlo. S\u00e9 que recorre las calles como un civil inocente, pero no lo es, intent\u00f3 matarme con \u00e1cido junto con otros cuatro feminicidas\u201d, sentenci\u00f3.  <\/p>\n\n\n\n<p class=\"MsoNormal\"> Finalmente, y ante la omisi\u00f3n de las autoridades de procuraci\u00f3n de justicia, hoy encabezadas por Arturo Peimbert Calvo, la joven lanz\u00f3 un grito de auxilio a la sociedad en general para ayudarla a dar con el paradero de Juan V.H., quinto indiciado en la agresi\u00f3n en su contra.  <\/p>\n\n\n\n<p class=\"MsoNormal\">  \u201cAy\u00fadame, ay\u00fadame, por favor ay\u00fadame a detenerlo y que me hagan justicia\u201d, suplica Mar\u00eda Elena, ante una autoridad ausente e insensible para con ella y u familia durante todo este tiempo.  <\/p>\n\n\n\n<p class=\"MsoNormal\"> Desde diciembre del 2019 fueron detenidos los autores materiales de los hechos, uno de ellos fallecido recientemente al interior del penal de Tanivet. Mientras que dos de los autores intelectuales, dentro de ellos el ex diputado local Juan Antonio V. C., fueron puestos a disposici\u00f3n de las autoridades en abril del 2020. <\/p>\n\n\n\n<p class=\"MsoNormal\"> A\u00fan no hay sentencia por los hechos registrados el 9 de septiembre del 2019, d\u00eda en que la vida le cambio por completo a la joven que aspiraba a convertirse en una gran saxofonista y cuyo sue\u00f1o fue truncado por la violencia extrema que un sujeto y sus c\u00f3mplices ejercieron en contra de ella.  <\/p>\n","protected":false},"excerpt":{"rendered":"<p>Evlin Arag\u00f3n\/Zona Roja. Oa ac\u00e1 de Ju\u00e1rez, Oax., 6 de mayo de 2021.- A un&hellip;<\/p>\n","protected":false},"author":2,"featured_media":6786,"comment_status":"closed","ping_status":"open","sticky":false,"template":"","format":"standard","meta":{"_lmt_disableupdate":"","_lmt_disable":"","_jetpack_memberships_contains_paid_content":false,"footnotes":""},"categories":[109,47],"tags":[1124],"class_list":["post-26881","post","type-post","status-publish","format-standard","has-post-thumbnail","hentry","category-minuto-a-minuto","category-zona-gris","tag-maria-elena-rios-ortiz"],"jetpack_featured_media_url":"https:\/\/zonaroja.com.mx\/wp-content\/uploads\/2019\/12\/\u00c1cido-Mar\u00eda-Elena-R\u00edos-1.jpg","jetpack_sharing_enabled":true,"_links":{"self":[{"href":"https:\/\/zonaroja.com.mx\/index.php?rest_route=\/wp\/v2\/posts\/26881","targetHints":{"allow":["GET"]}}],"collection":[{"href":"https:\/\/zonaroja.com.mx\/index.php?rest_route=\/wp\/v2\/posts"}],"about":[{"href":"https:\/\/zonaroja.com.mx\/index.php?rest_route=\/wp\/v2\/types\/post"}],"author":[{"embeddable":true,"href":"https:\/\/zonaroja.com.mx\/index.php?rest_route=\/wp\/v2\/users\/2"}],"replies":[{"embeddable":true,"href":"https:\/\/zonaroja.com.mx\/index.php?rest_route=%2Fwp%2Fv2%2Fcomments&post=26881"}],"version-history":[{"count":1,"href":"https:\/\/zonaroja.com.mx\/index.php?rest_route=\/wp\/v2\/posts\/26881\/revisions"}],"predecessor-version":[{"id":26882,"href":"https:\/\/zonaroja.com.mx\/index.php?rest_route=\/wp\/v2\/posts\/26881\/revisions\/26882"}],"wp:featuredmedia":[{"embeddable":true,"href":"https:\/\/zonaroja.com.mx\/index.php?rest_route=\/wp\/v2\/media\/6786"}],"wp:attachment":[{"href":"https:\/\/zonaroja.com.mx\/index.php?rest_route=%2Fwp%2Fv2%2Fmedia&parent=26881"}],"wp:term":[{"taxonomy":"category","embeddable":true,"href":"https:\/\/zonaroja.com.mx\/index.php?rest_route=%2Fwp%2Fv2%2Fcategories&post=26881"},{"taxonomy":"post_tag","embeddable":true,"href":"https:\/\/zonaroja.com.mx\/index.php?rest_route=%2Fwp%2Fv2%2Ftags&post=26881"}],"curies":[{"name":"wp","href":"https:\/\/api.w.org\/{rel}","templated":true}]}}