{"id":26885,"date":"2021-05-06T16:54:36","date_gmt":"2021-05-06T21:54:36","guid":{"rendered":"http:\/\/www.zonaroja.com.mx\/?p=26885"},"modified":"2021-05-06T16:54:41","modified_gmt":"2021-05-06T21:54:41","slug":"tras-enfrentamiento-armado-en-tuxtepec-van-tres-detenidos","status":"publish","type":"post","link":"https:\/\/zonaroja.com.mx\/?p=26885","title":{"rendered":"Tras enfrentamiento armado en Tuxtepec, van tres detenidos"},"content":{"rendered":"\n<p>Yuridiana Sosa\/Zona Roja.<\/p>\n\n\n\n<p>Oaxaca de Ju\u00e1rez, Oax., 6 de mayo de 2021.- Por los hechos violentos registrados ayer 5 de mayo en San Juan Bautista Tuxtepec, donde una persona fue ejecutada, la Secretar\u00eda de Seguridad P\u00fablica de Oaxaca (SSPO) confirm\u00f3 la detenci\u00f3n de tres varones, presuntos integrantes del crimen organizado.<\/p>\n\n\n\n<p>Los implicados en los actos violentos son provenientes de estados del norte del pa\u00eds, como Nuevo Le\u00f3n, quienes adem\u00e1s cuentan con antecedentes penales, por lo que fueron puestos a disposici\u00f3n de las autoridades correspondientes, inform\u00f3 la SSPO.<\/p>\n\n\n\n<p>De acuerdo a la secretar\u00eda, el suceso violento fue producto de la confrontaci\u00f3n entre los presuntos integrantes del crimen organizado del C\u00e1rtel de Sinaloa y C\u00e1rtel Jalisco Nueva Generaci\u00f3n.<\/p>\n\n\n\n<p>Por los hechos, el titular de la Secretar\u00eda de Seguridad, Heliodoro D\u00edaz Esc\u00e1rraga, instruy\u00f3 un operativo coordinado en el que particip\u00f3 la Polic\u00eda Estatal, la Agencia Estatal de Investigaci\u00f3n (AEI) de la Fiscal\u00eda General del Estado, Guardia Nacional (GN) y polic\u00edas municipales de Tuxtepec.<\/p>\n\n\n\n<p>El enfrentamiento ocurri\u00f3 este mi\u00e9rcoles alrededor de las 10:00 horas en inmediaciones del Instituto Tecnol\u00f3gico Nacional M\u00e9xico de Tuxtepec y la colonia El Progreso, donde se registraron detonaciones de arma de fuego.<\/p>\n\n\n\n<p>Por el hecho, ayer la Fiscal\u00eda de Oaxaca report\u00f3 que una persona perdi\u00f3 la vida, la recuperaci\u00f3n de tres veh\u00edculos abandonados y dos armas cortas, sin embargo, no ha ofrecido mayor informaci\u00f3n al respecto.<\/p>\n","protected":false},"excerpt":{"rendered":"<p>Yuridiana Sosa\/Zona Roja. Oaxaca de Ju\u00e1rez, Oax., 6 de mayo de 2021.- Por los hechos&hellip;<\/p>\n","protected":false},"author":2,"featured_media":26886,"comment_status":"closed","ping_status":"open","sticky":false,"template":"","format":"standard","meta":{"_lmt_disableupdate":"","_lmt_disable":"","_jetpack_memberships_contains_paid_content":false,"footnotes":""},"categories":[109,47],"tags":[118],"class_list":["post-26885","post","type-post","status-publish","format-standard","has-post-thumbnail","hentry","category-minuto-a-minuto","category-zona-gris","tag-san-juan-bautista-tuxtepec"],"jetpack_featured_media_url":"https:\/\/zonaroja.com.mx\/wp-content\/uploads\/2021\/05\/Policia-Estatal-recorridos.jpg","jetpack_sharing_enabled":true,"_links":{"self":[{"href":"https:\/\/zonaroja.com.mx\/index.php?rest_route=\/wp\/v2\/posts\/26885","targetHints":{"allow":["GET"]}}],"collection":[{"href":"https:\/\/zonaroja.com.mx\/index.php?rest_route=\/wp\/v2\/posts"}],"about":[{"href":"https:\/\/zonaroja.com.mx\/index.php?rest_route=\/wp\/v2\/types\/post"}],"author":[{"embeddable":true,"href":"https:\/\/zonaroja.com.mx\/index.php?rest_route=\/wp\/v2\/users\/2"}],"replies":[{"embeddable":true,"href":"https:\/\/zonaroja.com.mx\/index.php?rest_route=%2Fwp%2Fv2%2Fcomments&post=26885"}],"version-history":[{"count":1,"href":"https:\/\/zonaroja.com.mx\/index.php?rest_route=\/wp\/v2\/posts\/26885\/revisions"}],"predecessor-version":[{"id":26887,"href":"https:\/\/zonaroja.com.mx\/index.php?rest_route=\/wp\/v2\/posts\/26885\/revisions\/26887"}],"wp:featuredmedia":[{"embeddable":true,"href":"https:\/\/zonaroja.com.mx\/index.php?rest_route=\/wp\/v2\/media\/26886"}],"wp:attachment":[{"href":"https:\/\/zonaroja.com.mx\/index.php?rest_route=%2Fwp%2Fv2%2Fmedia&parent=26885"}],"wp:term":[{"taxonomy":"category","embeddable":true,"href":"https:\/\/zonaroja.com.mx\/index.php?rest_route=%2Fwp%2Fv2%2Fcategories&post=26885"},{"taxonomy":"post_tag","embeddable":true,"href":"https:\/\/zonaroja.com.mx\/index.php?rest_route=%2Fwp%2Fv2%2Ftags&post=26885"}],"curies":[{"name":"wp","href":"https:\/\/api.w.org\/{rel}","templated":true}]}}