{"id":26888,"date":"2021-05-06T17:03:23","date_gmt":"2021-05-06T22:03:23","guid":{"rendered":"http:\/\/www.zonaroja.com.mx\/?p=26888"},"modified":"2021-05-06T17:03:27","modified_gmt":"2021-05-06T22:03:27","slug":"con-vocacion-de-servir-jesus-ruiz-olmedo-busca-gobernar-la-capital","status":"publish","type":"post","link":"https:\/\/zonaroja.com.mx\/?p=26888","title":{"rendered":"Con vocaci\u00f3n de servir, Jes\u00fas Ruiz Olmedo busca gobernar la capital"},"content":{"rendered":"\n<p>Yuridiana Sosa\/Zona Roja.<\/p>\n\n\n\n<p>Oaxaca de Ju\u00e1rez, Oax., 6 de mayo de 2021.-&nbsp; El candidato a la presidencia municipal de Oaxaca de Ju\u00e1rez por el partido Fuerza por M\u00e9xico, Jes\u00fas Ruiz Olmedo, refrend\u00f3 su compromiso de colaborar con el desarrollo de la capital, pero ahora desde un gobierno que promete trabajo s\u00f3lido.<\/p>\n\n\n\n<p>En conferencia de prensa, pidi\u00f3 a la poblaci\u00f3n su voto de confianza para encabezar el pr\u00f3ximo gobierno municipal, junto a personas que tambi\u00e9n surgen de la sociedad civil organizada, que desde los diferentes sectores han impulsado por cuenta propia a la ciudadan\u00eda.<\/p>\n\n\n\n<p>El candidato destac\u00f3 que a pesar de que no cuenta con trayectoria pol\u00edtica, tiene la certeza de la sensibilidad para ver y atender las necesidades de su poblaci\u00f3n, a quien ha logrado apoyar desde el \u00e1mbito social por medio de colectivos.<\/p>\n\n\n\n<figure class=\"wp-block-embed-twitter wp-block-embed is-type-rich is-provider-twitter\"><div class=\"wp-block-embed__wrapper\">\n<div class=\"twitter-tweet\"><blockquote class=\"twitter-tweet\" data-lang=\"es\"><p lang=\"es\" dir=\"ltr\"><a href=\"https:\/\/twitter.com\/hashtag\/%C3%9AltimoMinuto?src=hash&amp;ref_src=twsrc%5Etfw\">#\u00daltimoMinuto<\/a> <br>En conferencia de prensa, el aspirante a edil de <a href=\"https:\/\/twitter.com\/hashtag\/Oaxaca?src=hash&amp;ref_src=twsrc%5Etfw\">#Oaxaca<\/a> de Ju\u00e1rez por <a href=\"https:\/\/twitter.com\/fuerza_oaxaca?ref_src=twsrc%5Etfw\">@fuerza_oaxaca<\/a>, <a href=\"https:\/\/twitter.com\/ruizolmedojesus?ref_src=twsrc%5Etfw\">@ruizolmedojesus<\/a>, destac\u00f3 su trayectoria desde la sociedad civil y el amplio respaldo que ha recibido durante su recorrido por agencias y colonias. <a href=\"https:\/\/t.co\/XXc4TI3sId\">pic.twitter.com\/XXc4TI3sId<\/a><\/p>&mdash; Zona Roja Oaxaca (@Zona_Roja_Oax) <a href=\"https:\/\/twitter.com\/Zona_Roja_Oax\/status\/1390372608252727306?ref_src=twsrc%5Etfw\">6 de mayo de 2021<\/a><\/blockquote><\/div>\n<\/div><\/figure>\n\n\n\n<p>Pero ahora, frente a la decepci\u00f3n continua de los gobiernos y de quienes se han escudado de un proyecto de naci\u00f3n para la transformaci\u00f3n del pa\u00eds, pero que no han hecho nada, surgi\u00f3 su inter\u00e9s por abanderar un nuevo proyecto.<\/p>\n\n\n\n<p>Sin embargo, precis\u00f3: \u201cSomos aliados de Andr\u00e9s Manuel L\u00f3pez Obrador, queremos que a Oaxaca le vaya bien\u201d.<\/p>\n\n\n\n<p>El candidato, de familia dedicada al sector restaurantero en la capital, dijo que su formaci\u00f3n moral viene de la cultura del esfuerzo y trabajo, por lo que su labor social ha sido clara.<\/p>\n\n\n\n<p>Agradeci\u00f3 el respaldo de las colonias y comunidades visitadas e invit\u00f3 a m\u00e1s poblaci\u00f3n a sumarse a esta propuesta de trabajo; remarc\u00f3 que los integrantes de su planilla son surgidos de la sociedad civil y no de los pol\u00edticos tradicionales.<\/p>\n","protected":false},"excerpt":{"rendered":"<p>Yuridiana Sosa\/Zona Roja. Oaxaca de Ju\u00e1rez, Oax., 6 de mayo de 2021.-&nbsp; El candidato a&hellip;<\/p>\n","protected":false},"author":2,"featured_media":26889,"comment_status":"closed","ping_status":"open","sticky":false,"template":"","format":"standard","meta":{"_lmt_disableupdate":"","_lmt_disable":"","_jetpack_memberships_contains_paid_content":false,"footnotes":""},"categories":[109,46],"tags":[2654],"class_list":["post-26888","post","type-post","status-publish","format-standard","has-post-thumbnail","hentry","category-minuto-a-minuto","category-zona-blanca","tag-jesus-ruiz-olmedo"],"jetpack_featured_media_url":"https:\/\/zonaroja.com.mx\/wp-content\/uploads\/2021\/05\/Conferencia-Jesus-Ruiz.jpg","jetpack_sharing_enabled":true,"_links":{"self":[{"href":"https:\/\/zonaroja.com.mx\/index.php?rest_route=\/wp\/v2\/posts\/26888","targetHints":{"allow":["GET"]}}],"collection":[{"href":"https:\/\/zonaroja.com.mx\/index.php?rest_route=\/wp\/v2\/posts"}],"about":[{"href":"https:\/\/zonaroja.com.mx\/index.php?rest_route=\/wp\/v2\/types\/post"}],"author":[{"embeddable":true,"href":"https:\/\/zonaroja.com.mx\/index.php?rest_route=\/wp\/v2\/users\/2"}],"replies":[{"embeddable":true,"href":"https:\/\/zonaroja.com.mx\/index.php?rest_route=%2Fwp%2Fv2%2Fcomments&post=26888"}],"version-history":[{"count":1,"href":"https:\/\/zonaroja.com.mx\/index.php?rest_route=\/wp\/v2\/posts\/26888\/revisions"}],"predecessor-version":[{"id":26890,"href":"https:\/\/zonaroja.com.mx\/index.php?rest_route=\/wp\/v2\/posts\/26888\/revisions\/26890"}],"wp:featuredmedia":[{"embeddable":true,"href":"https:\/\/zonaroja.com.mx\/index.php?rest_route=\/wp\/v2\/media\/26889"}],"wp:attachment":[{"href":"https:\/\/zonaroja.com.mx\/index.php?rest_route=%2Fwp%2Fv2%2Fmedia&parent=26888"}],"wp:term":[{"taxonomy":"category","embeddable":true,"href":"https:\/\/zonaroja.com.mx\/index.php?rest_route=%2Fwp%2Fv2%2Fcategories&post=26888"},{"taxonomy":"post_tag","embeddable":true,"href":"https:\/\/zonaroja.com.mx\/index.php?rest_route=%2Fwp%2Fv2%2Ftags&post=26888"}],"curies":[{"name":"wp","href":"https:\/\/api.w.org\/{rel}","templated":true}]}}