{"id":26891,"date":"2021-05-06T17:15:24","date_gmt":"2021-05-06T22:15:24","guid":{"rendered":"http:\/\/www.zonaroja.com.mx\/?p=26891"},"modified":"2021-05-06T17:15:28","modified_gmt":"2021-05-06T22:15:28","slug":"vacunado-todo-el-personal-academico-de-la-uabjo-seguiran-clases-en-linea","status":"publish","type":"post","link":"https:\/\/zonaroja.com.mx\/?p=26891","title":{"rendered":"Vacunado, todo el personal acad\u00e9mico de la UABJO; seguir\u00e1n clases en l\u00ednea"},"content":{"rendered":"\n<p>Redacci\u00f3n\/Zona Roja.<\/p>\n\n\n\n<p>Oaxaca de Ju\u00e1rez, Oax., 6 de mayo de 2020.- La Universidad Aut\u00f3noma \u201cBenito Ju\u00e1rez\u201d de Oaxaca, particip\u00f3 de manera activa y solidaria en la Jornada de Vacunaci\u00f3n contra el Virus SARS-CoV-2, Covid 19, enfocada al sector educativo en el estado, la cual se desarroll\u00f3 del 28 de abril al primero de mayo del presente.<\/p>\n\n\n\n<p>En la Escuela Preparatoria n\u00famero 7, se estableci\u00f3 uno de los 22 m\u00f3dulos donde se aplic\u00f3 el biol\u00f3gico.<\/p>\n\n\n\n<p>Al respecto, el rector Eduardo Bautista Mart\u00ednez reconoci\u00f3 el esfuerzo de las autoridades estatales y federales por brindar este beneficio a la Universidad, ya que esta acci\u00f3n significa reducir riesgos en el n\u00famero de contagios por coronavirus.<\/p>\n\n\n\n<p>\u201cAl vacunar al personal educativo y administrativo, nuestra Casa de Estudios da un paso para que, en determinado momento, de manera organizada y sin bajar la guardia, nos permita el retorno a las actividades presenciales\u201d, refiri\u00f3.<\/p>\n\n\n\n<p>Se\u00f1al\u00f3 que fue el 30 de abril y el 1 de mayo, cuando el personal universitario recibi\u00f3 la aplicaci\u00f3n del biol\u00f3gico, en el marco de la estrategia de medidas de prevenci\u00f3n para seguir enfrentando la contingencia sanitaria.<\/p>\n\n\n\n<p>En este sentido, la Comisi\u00f3n T\u00e9cnica de Medidas de Salud (CTMS), recomienda a la comunidad universitaria, seguir las indicaciones de contenci\u00f3n de la epidemia, puesto que la vacuna no es la \u00fanica forma de mitigaci\u00f3n y prevenci\u00f3n.<\/p>\n\n\n\n<p>As\u00ed tambi\u00e9n, sugiere revisar el micrositio de la casa de estudios, el cual se ubica en www.covid19.uabjo.mx y contiene informaci\u00f3n de acciones y protocolos de atenci\u00f3n a la salud.<\/p>\n\n\n\n<p>De esta forma y con base en la ratificaci\u00f3n de fecha 14 de abril del acuerdo de directoras y directores de las escuelas, facultades e institutos, tomado el 13 de enero del presente, las clases continuar\u00e1n en modalidad virtual y a distancia.<\/p>\n\n\n\n<p>Finalmente, se pide a la comunidad universitaria, estar atenta a los avisos e informaci\u00f3n que se emita a trav\u00e9s de los canales oficiales de comunicaci\u00f3n.<\/p>\n","protected":false},"excerpt":{"rendered":"<p>Redacci\u00f3n\/Zona Roja. Oaxaca de Ju\u00e1rez, Oax., 6 de mayo de 2020.- La Universidad Aut\u00f3noma \u201cBenito&hellip;<\/p>\n","protected":false},"author":2,"featured_media":26892,"comment_status":"closed","ping_status":"open","sticky":false,"template":"","format":"standard","meta":{"_lmt_disableupdate":"","_lmt_disable":"","_jetpack_memberships_contains_paid_content":false,"footnotes":""},"categories":[109,46],"tags":[282],"class_list":["post-26891","post","type-post","status-publish","format-standard","has-post-thumbnail","hentry","category-minuto-a-minuto","category-zona-blanca","tag-universidad-autonoma-benito-juarez-de-oaxaca"],"jetpack_featured_media_url":"https:\/\/zonaroja.com.mx\/wp-content\/uploads\/2021\/05\/Vacunacion-UABJO.jpeg","jetpack_sharing_enabled":true,"_links":{"self":[{"href":"https:\/\/zonaroja.com.mx\/index.php?rest_route=\/wp\/v2\/posts\/26891","targetHints":{"allow":["GET"]}}],"collection":[{"href":"https:\/\/zonaroja.com.mx\/index.php?rest_route=\/wp\/v2\/posts"}],"about":[{"href":"https:\/\/zonaroja.com.mx\/index.php?rest_route=\/wp\/v2\/types\/post"}],"author":[{"embeddable":true,"href":"https:\/\/zonaroja.com.mx\/index.php?rest_route=\/wp\/v2\/users\/2"}],"replies":[{"embeddable":true,"href":"https:\/\/zonaroja.com.mx\/index.php?rest_route=%2Fwp%2Fv2%2Fcomments&post=26891"}],"version-history":[{"count":1,"href":"https:\/\/zonaroja.com.mx\/index.php?rest_route=\/wp\/v2\/posts\/26891\/revisions"}],"predecessor-version":[{"id":26893,"href":"https:\/\/zonaroja.com.mx\/index.php?rest_route=\/wp\/v2\/posts\/26891\/revisions\/26893"}],"wp:featuredmedia":[{"embeddable":true,"href":"https:\/\/zonaroja.com.mx\/index.php?rest_route=\/wp\/v2\/media\/26892"}],"wp:attachment":[{"href":"https:\/\/zonaroja.com.mx\/index.php?rest_route=%2Fwp%2Fv2%2Fmedia&parent=26891"}],"wp:term":[{"taxonomy":"category","embeddable":true,"href":"https:\/\/zonaroja.com.mx\/index.php?rest_route=%2Fwp%2Fv2%2Fcategories&post=26891"},{"taxonomy":"post_tag","embeddable":true,"href":"https:\/\/zonaroja.com.mx\/index.php?rest_route=%2Fwp%2Fv2%2Ftags&post=26891"}],"curies":[{"name":"wp","href":"https:\/\/api.w.org\/{rel}","templated":true}]}}