{"id":26894,"date":"2021-05-06T20:27:20","date_gmt":"2021-05-07T01:27:20","guid":{"rendered":"http:\/\/www.zonaroja.com.mx\/?p=26894"},"modified":"2021-05-06T20:29:26","modified_gmt":"2021-05-07T01:29:26","slug":"pese-a-la-pandemia-la-seccion-22-del-snte-quiere-aumento-salarial-de-100","status":"publish","type":"post","link":"https:\/\/zonaroja.com.mx\/?p=26894","title":{"rendered":"Pese a la pandemia, la Secci\u00f3n 22 del SNTE quiere aumento salarial de 100%"},"content":{"rendered":"\n<p>Yuridiana Sosa\/Zona Roja.<\/p>\n\n\n\n<p>Oaxaca de Ju\u00e1rez, Oax., 6 de mayo de 2021.- El Comit\u00e9 Ejecutivo de la Secci\u00f3n 22 del Sindicato Nacional de Trabajadores de la Educaci\u00f3n (SNTE) exigi\u00f3 en su pliego de peticiones de este a\u00f1o, aumento salarial del 100 por ciento, contrataci\u00f3n directa de normalistas y nuevas plazas.<\/p>\n\n\n\n<p>El pasado 1 de mayo, la gremial adherida a la Coordinadora Nacional de Trabajadores de la Educaci\u00f3n (CNTE) dirigi\u00f3 un documento pol\u00edtico al Presidente de M\u00e9xico, Andr\u00e9s Manuel L\u00f3pez Obrador, y al gobernador Alejandro Murat Hinojosa, con 23 puntos con temas de salud, justicia, laboral, econ\u00f3mico, educativo y seguridad social.<\/p>\n\n\n\n<p>El comit\u00e9 encabezado por Eloy L\u00f3pez Hern\u00e1ndez demand\u00f3 un aumento salarial del 100 por ciento para todos los trabajadores de la educaci\u00f3n en Oaxaca pertenecientes a la Secci\u00f3n 22; restablecimiento inmediato de la relaci\u00f3n laboral patr\u00f3n-trabajador y la Comisi\u00f3n Estatal Mixta de Escalaf\u00f3n.<\/p>\n\n\n\n<p>A la Secretar\u00eda de Educaci\u00f3n P\u00fablica (SEP) y el Instituto Estatal de Educaci\u00f3n P\u00fablica de Oaxaca (IEEPO), demand\u00f3 la contrataci\u00f3n inmediata y sin condiciones de los egresados normalistas rezagados de las generaciones 2015, 2016, 2017, as\u00ed como la contrataci\u00f3n de los egresados de la generaci\u00f3n 2020.<\/p>\n\n\n\n<p>Por las vacantes que se han generado por jubilaciones y fallecimientos por Covid-19, exigi\u00f3 la contrataci\u00f3n de personal nuevo ingreso con plaza base de manera inmediata para todos los niveles educativos, entre otras demandas.<\/p>\n\n\n\n<p>Por el tema educativo, su \u00fanico punto plante\u00f3 el reconocimiento del Plan para la Transformaci\u00f3n de la Educaci\u00f3n en Oaxaca en la nueva Ley Estatal de Educaci\u00f3n como el proyecto educativo regional de la entidad.<\/p>\n\n\n\n<p>En materia de seguridad social, exigi\u00f3 derogar y abrogar la ley del ISSSTE del 2007 como la soluci\u00f3n a las demandas de car\u00e1cter federal estatal como son la falta de recursos humanos, financieros, materiales, infraestructura, insumos m\u00e9dicos que permitan resolver problemas de reembolso subrogaci\u00f3n, entre otros, con la finalidad de tener una atenci\u00f3n m\u00e9dica digna que por derecho corresponde; adem\u00e1s se exige la cancelaci\u00f3n del uso de la UMA dentro de las prestaciones sociales para los trabajadores de la educaci\u00f3n.<\/p>\n\n\n\n<figure class=\"wp-block-embed-twitter wp-block-embed is-type-rich is-provider-twitter\"><div class=\"wp-block-embed__wrapper\">\n<div class=\"twitter-tweet\"><blockquote class=\"twitter-tweet\" data-lang=\"es\"><p lang=\"es\" dir=\"ltr\">DOCUMENTO POL\u00cdTICO. DEMANDAS DE LA SECCI\u00d3N XXII <a href=\"https:\/\/twitter.com\/hashtag\/CNTE?src=hash&amp;ref_src=twsrc%5Etfw\">#CNTE<\/a> <a href=\"https:\/\/t.co\/inuRIDhvLL\">https:\/\/t.co\/inuRIDhvLL<\/a><\/p>&mdash; Cencos22 (@Seccion22Cencos) <a href=\"https:\/\/twitter.com\/Seccion22Cencos\/status\/1390371148215558152?ref_src=twsrc%5Etfw\">6 de mayo de 2021<\/a><\/blockquote><\/div>\n<\/div><\/figure>\n\n\n\n<p>Contempl\u00f3 en sus peticiones el problema que padece la entidad en materia de salud. Por lo que exigi\u00f3, primero, informe transparente de los recursos aplicados en la pandemia de Covid-9, as\u00ed como mejoras en la infraestructura de salud, dotaci\u00f3n de materiales e insumos a todas las cl\u00ednicas y hospitales.<\/p>\n\n\n\n<p>Plante\u00f3 la implementaci\u00f3n del Programa Estatal para Mejorar las Condiciones Escolares y de Vida de los ni\u00f1os j\u00f3venes y adultos ( PEMCEV) que permitan mejorar el estado de nutrici\u00f3n salud y bienestar de los educandos.<\/p>\n\n\n\n<p>VACUNACI\u00d3N A TODOS<\/p>\n\n\n\n<p>Adem\u00e1s de la vacunaci\u00f3n universal de todas las poblaciones como derecho humano a la salud.<\/p>\n\n\n\n<p>En el tema de justicia, expuso que las condiciones sanitarias no sean un pretexto para que se garantice erradicar la violencia familiar, feminicidios, desapariciones forzadas, asesinatos de activistas, trabajadores de la educaci\u00f3n, defensores de los derechos humanos y los defensores de la tierra y territorio como son los casos recientes de compa\u00f1eros de otras organizaciones ocurridos en el transcurso de la pandemia.<\/p>\n\n\n\n<p>Motivo por el que tambi\u00e9n la gremial demand\u00f3 al Congreso de Oaxaca que por medio de sus comisiones de Derechos Humanos y de Gobernaci\u00f3n y a la Fiscal\u00eda General del Estado la creaci\u00f3n de la Comisi\u00f3n Ejecutiva de Atenci\u00f3n a V\u00edctimas, as\u00ed como la Comisi\u00f3n de B\u00fasqueda en el \u00e1rea de desapariciones y se les asigne un presupuesto necesario para sus labores.<\/p>\n","protected":false},"excerpt":{"rendered":"<p>Yuridiana Sosa\/Zona Roja. Oaxaca de Ju\u00e1rez, Oax., 6 de mayo de 2021.- El Comit\u00e9 Ejecutivo&hellip;<\/p>\n","protected":false},"author":2,"featured_media":26895,"comment_status":"closed","ping_status":"open","sticky":false,"template":"","format":"standard","meta":{"_lmt_disableupdate":"","_lmt_disable":"","_jetpack_memberships_contains_paid_content":false,"footnotes":""},"categories":[109,47],"tags":[312],"class_list":["post-26894","post","type-post","status-publish","format-standard","has-post-thumbnail","hentry","category-minuto-a-minuto","category-zona-gris","tag-seccion-22-del-snte"],"jetpack_featured_media_url":"https:\/\/zonaroja.com.mx\/wp-content\/uploads\/2021\/05\/Alejandro-Murat-y-Seccion-22.jpg","jetpack_sharing_enabled":true,"_links":{"self":[{"href":"https:\/\/zonaroja.com.mx\/index.php?rest_route=\/wp\/v2\/posts\/26894","targetHints":{"allow":["GET"]}}],"collection":[{"href":"https:\/\/zonaroja.com.mx\/index.php?rest_route=\/wp\/v2\/posts"}],"about":[{"href":"https:\/\/zonaroja.com.mx\/index.php?rest_route=\/wp\/v2\/types\/post"}],"author":[{"embeddable":true,"href":"https:\/\/zonaroja.com.mx\/index.php?rest_route=\/wp\/v2\/users\/2"}],"replies":[{"embeddable":true,"href":"https:\/\/zonaroja.com.mx\/index.php?rest_route=%2Fwp%2Fv2%2Fcomments&post=26894"}],"version-history":[{"count":3,"href":"https:\/\/zonaroja.com.mx\/index.php?rest_route=\/wp\/v2\/posts\/26894\/revisions"}],"predecessor-version":[{"id":26898,"href":"https:\/\/zonaroja.com.mx\/index.php?rest_route=\/wp\/v2\/posts\/26894\/revisions\/26898"}],"wp:featuredmedia":[{"embeddable":true,"href":"https:\/\/zonaroja.com.mx\/index.php?rest_route=\/wp\/v2\/media\/26895"}],"wp:attachment":[{"href":"https:\/\/zonaroja.com.mx\/index.php?rest_route=%2Fwp%2Fv2%2Fmedia&parent=26894"}],"wp:term":[{"taxonomy":"category","embeddable":true,"href":"https:\/\/zonaroja.com.mx\/index.php?rest_route=%2Fwp%2Fv2%2Fcategories&post=26894"},{"taxonomy":"post_tag","embeddable":true,"href":"https:\/\/zonaroja.com.mx\/index.php?rest_route=%2Fwp%2Fv2%2Ftags&post=26894"}],"curies":[{"name":"wp","href":"https:\/\/api.w.org\/{rel}","templated":true}]}}