{"id":2690,"date":"2019-08-01T07:52:21","date_gmt":"2019-08-01T12:52:21","guid":{"rendered":"http:\/\/www.zonaroja.com.mx\/?p=2690"},"modified":"2019-07-31T19:54:55","modified_gmt":"2019-08-01T00:54:55","slug":"y-casilda-madre-joven-pudo-terminar-su-secundaria-con-apoyo-de-una-beca","status":"publish","type":"post","link":"https:\/\/zonaroja.com.mx\/?p=2690","title":{"rendered":"Y Casilda, madre joven, pudo terminar su secundaria con apoyo de una beca"},"content":{"rendered":"\n<p>Redacci\u00f3n <\/p>\n\n\n\n<p>Oaxaca de\nJu\u00e1rez, Oax. 1 de agosto de 2019.- &nbsp;Las\npalabras de Casilda, de la comunidad de San Bartolo Lachixova, del municipio de\nSan Juan Comaltepec, fueron pocas pero suficientes para expresar su\nsatisfacci\u00f3n.<\/p>\n\n\n\n<p>\u201cQuiero\nagradecer al Programa Nacional de Becas en Educaci\u00f3n B\u00e1sica, por darme esta\noportunidad y terminar mi secundaria. Con este apoyo econ\u00f3mico puedo realizar\nel sue\u00f1o de superarme a pesar de ser mam\u00e1 y poder seguir estudiando el\nbachillerato\u201d.<\/p>\n\n\n\n<p>El caso de\nla joven cuenque\u00f1a es uno de los 624 de madres j\u00f3venes y embarazadas que fueron\nbeneficiadas por el Instituto Estatal de Educaci\u00f3n P\u00fablica de Oaxaca (IEEPO) y la\nSecretar\u00eda de Educaci\u00f3n P\u00fablica.<\/p>\n\n\n\n<p>Ayer, el IEEPO\nen coordinaci\u00f3n con dependencias del Gobierno del Estado y en trabajo conjunto\ncon el Gobierno de M\u00e9xico, dio inicio a la entrega de Becas de Apoyo a la\nEducaci\u00f3n B\u00e1sica de Madres J\u00f3venes y J\u00f3venes Embarazadas, del Programa Nacional\nde Becas, que este a\u00f1o ejercer\u00e1 un total de 5.5 millones de pesos.<\/p>\n\n\n\n<p>Con la representaci\u00f3n del gobernador Alejandro Murat Hinojosa, el titular del Instituto, Francisco \u00c1ngel Villarreal, dio a conocer que se otorgaron apoyos econ\u00f3micos correspondientes al periodo enero-junio a 244 becarias, con la finalidad de que tengan acceso, permanencia o puedan concluir sus estudios de nivel b\u00e1sico.<\/p>\n\n\n\n<figure class=\"wp-block-embed-twitter wp-block-embed is-type-rich is-provider-twitter\"><div class=\"wp-block-embed__wrapper\">\n<div class=\"twitter-tweet\"><blockquote class=\"twitter-tweet\" data-lang=\"es\"><p lang=\"es\" dir=\"ltr\">A nombre del Gobernador <a href=\"https:\/\/twitter.com\/alejandromurat?ref_src=twsrc%5Etfw\">@alejandromurat<\/a> y en trabajo coordinado con <a href=\"https:\/\/twitter.com\/SEP_mx?ref_src=twsrc%5Etfw\">@SEP_mx<\/a>, el Dir. del IEEPO <a href=\"https:\/\/twitter.com\/VillarrealPaco?ref_src=twsrc%5Etfw\">@VillarrealPaco<\/a> y titulares del <a href=\"https:\/\/twitter.com\/GobOax?ref_src=twsrc%5Etfw\">@GobOax<\/a> entregaron Becas de Apoyo a la Educaci\u00f3n B\u00e1sica de Madres J\u00f3venes y J\u00f3venes Embarazadas a 244 becarias para permanencia o conclusi\u00f3n de estudios. <a href=\"https:\/\/t.co\/W9KQ7eurCr\">pic.twitter.com\/W9KQ7eurCr<\/a><\/p>&mdash; IEEPO (@IEEPOGobOax) <a href=\"https:\/\/twitter.com\/IEEPOGobOax\/status\/1156598297580228613?ref_src=twsrc%5Etfw\">31 de julio de 2019<\/a><\/blockquote><\/div>\n<\/div><\/figure>\n\n\n\n<p>De las\nbeneficiadas en esta entrega, cinco provienen de la regi\u00f3n Ca\u00f1ada, una de la\nCosta, 29 del Istmo de Tehuantepec, cinco de la Mixteca, 17 del Papaloapan, 32\nde la Sierra Norte, 16 de la Sierra Sur y 139 de los Valles Centrales, a\nquienes los representantes de las diferentes dependencias convocaron a\ncontinuar sus estudios para mejorar tanto las condiciones de vida de ellas como\nde sus hijos.<\/p>\n\n\n\n<p>En presencia\ndel encargado de la delegaci\u00f3n federal de la Secretar\u00eda de Educaci\u00f3n P\u00fablica,\nJos\u00e9 Miguel Navarro Mart\u00ednez, el director general del IEEPO destac\u00f3 que \u201cun\nhijo es factor de esperanza en una familia\u201d, de ah\u00ed el inter\u00e9s del gobernador\nAlejandro Murat&nbsp; por brindar a las\nmujeres espacios donde se desarrollen, se empoderen y como en este caso tengan\nmayores oportunidades para un futuro mejor.<\/p>\n\n\n\n<p>Como parte\nde los apoyos econ\u00f3micos del periodo enero-junio,&nbsp; se entreg\u00f3 un monto total de un mill\u00f3n 173\nmil 850 pesos a mujeres de 12 a 19 a\u00f1os de edad, quienes son madres o se\nencuentran embarazadas, provenientes de 47 municipios, 39 de ellos de alta y\nmuy alta marginaci\u00f3n, de las ocho regiones del estado.<\/p>\n","protected":false},"excerpt":{"rendered":"<p>Redacci\u00f3n Oaxaca de Ju\u00e1rez, Oax. 1 de agosto de 2019.- &nbsp;Las palabras de Casilda, de&hellip;<\/p>\n","protected":false},"author":2,"featured_media":2691,"comment_status":"closed","ping_status":"open","sticky":false,"template":"","format":"standard","meta":{"_lmt_disableupdate":"","_lmt_disable":"","_jetpack_memberships_contains_paid_content":false,"footnotes":""},"categories":[109,46],"tags":[],"class_list":["post-2690","post","type-post","status-publish","format-standard","has-post-thumbnail","hentry","category-minuto-a-minuto","category-zona-blanca"],"jetpack_featured_media_url":"https:\/\/zonaroja.com.mx\/wp-content\/uploads\/2019\/07\/02-IEEPO.jpg","jetpack_sharing_enabled":true,"_links":{"self":[{"href":"https:\/\/zonaroja.com.mx\/index.php?rest_route=\/wp\/v2\/posts\/2690","targetHints":{"allow":["GET"]}}],"collection":[{"href":"https:\/\/zonaroja.com.mx\/index.php?rest_route=\/wp\/v2\/posts"}],"about":[{"href":"https:\/\/zonaroja.com.mx\/index.php?rest_route=\/wp\/v2\/types\/post"}],"author":[{"embeddable":true,"href":"https:\/\/zonaroja.com.mx\/index.php?rest_route=\/wp\/v2\/users\/2"}],"replies":[{"embeddable":true,"href":"https:\/\/zonaroja.com.mx\/index.php?rest_route=%2Fwp%2Fv2%2Fcomments&post=2690"}],"version-history":[{"count":1,"href":"https:\/\/zonaroja.com.mx\/index.php?rest_route=\/wp\/v2\/posts\/2690\/revisions"}],"predecessor-version":[{"id":2692,"href":"https:\/\/zonaroja.com.mx\/index.php?rest_route=\/wp\/v2\/posts\/2690\/revisions\/2692"}],"wp:featuredmedia":[{"embeddable":true,"href":"https:\/\/zonaroja.com.mx\/index.php?rest_route=\/wp\/v2\/media\/2691"}],"wp:attachment":[{"href":"https:\/\/zonaroja.com.mx\/index.php?rest_route=%2Fwp%2Fv2%2Fmedia&parent=2690"}],"wp:term":[{"taxonomy":"category","embeddable":true,"href":"https:\/\/zonaroja.com.mx\/index.php?rest_route=%2Fwp%2Fv2%2Fcategories&post=2690"},{"taxonomy":"post_tag","embeddable":true,"href":"https:\/\/zonaroja.com.mx\/index.php?rest_route=%2Fwp%2Fv2%2Ftags&post=2690"}],"curies":[{"name":"wp","href":"https:\/\/api.w.org\/{rel}","templated":true}]}}